{"id":3438,"date":"2015-12-27T23:05:39","date_gmt":"2015-12-27T21:05:39","guid":{"rendered":"http:\/\/www.editiespecialapress.ro\/?p=3438"},"modified":"2015-12-27T23:05:39","modified_gmt":"2015-12-27T21:05:39","slug":"la-multi-ani-2016-primaria-pietrosani","status":"publish","type":"post","link":"https:\/\/www.editiespecialapress.ro\/newtest\/2015\/12\/27\/la-multi-ani-2016-primaria-pietrosani\/","title":{"rendered":"La mul\u0163i ani, 2016!  Prim\u0103ria Pietro\u015fani,"},"content":{"rendered":"<p>Dac\u0103 toat\u0103 lumea v\u0103 dore\u015fte ca aceast\u0103 zi s\u0103 fie una minunat\u0103, noi v\u0103 ur\u0103m ca toate zilele ce urmeaz\u0103 s\u0103 fie pline de bucurii \u015fi realiz\u0103ri astfel \u00eenc\u00e2t acest nou an s\u0103 v\u0103 umple sufletul de voie bun\u0103!<\/p>\n<p style=\"text-align: center;\"><strong>La mul\u0163i ani, 2016!<\/strong><\/p>\n<p style=\"text-align: right;\"><strong>Prim\u0103ria Pietro\u015fani,<\/strong><br \/>\n<strong>primar P\u0103tru Eugeniu \u015fi angaja\u0163ii prim\u0103riei<\/strong><\/p>\n","protected":false},"excerpt":{"rendered":"<p>Dac\u0103 toat\u0103 lumea v\u0103 dore\u015fte ca aceast\u0103 zi s\u0103 fie una minunat\u0103, noi v\u0103 ur\u0103m ca toate zilele ce urmeaz\u0103 s\u0103 fie pline de bucurii \u015fi realiz\u0103ri astfel \u00eenc\u00e2t acest nou an s\u0103 v\u0103 umple sufletul de voie bun\u0103! La mul\u0163i ani, 2016! Prim\u0103ria Pietro\u015fani, primar P\u0103tru Eugeniu \u015fi angaja\u0163ii prim\u0103riei<\/p>\n","protected":false},"author":2,"featured_media":3419,"comment_status":"closed","ping_status":"open","sticky":false,"template":"","format":"standard","meta":{"footnotes":""},"categories":[4],"tags":[],"class_list":{"0":"post-3438","1":"post","2":"type-post","3":"status-publish","4":"format-standard","5":"has-post-thumbnail","7":"category-felicitari"},"_links":{"self":[{"href":"https:\/\/www.editiespecialapress.ro\/newtest\/wp-json\/wp\/v2\/posts\/3438","targetHints":{"allow":["GET"]}}],"collection":[{"href":"https:\/\/www.editiespecialapress.ro\/newtest\/wp-json\/wp\/v2\/posts"}],"about":[{"href":"https:\/\/www.editiespecialapress.ro\/newtest\/wp-json\/wp\/v2\/types\/post"}],"author":[{"embeddable":true,"href":"https:\/\/www.editiespecialapress.ro\/newtest\/wp-json\/wp\/v2\/users\/2"}],"replies":[{"embeddable":true,"href":"https:\/\/www.editiespecialapress.ro\/newtest\/wp-json\/wp\/v2\/comments?post=3438"}],"version-history":[{"count":0,"href":"https:\/\/www.editiespecialapress.ro\/newtest\/wp-json\/wp\/v2\/posts\/3438\/revisions"}],"wp:featuredmedia":[{"embeddable":true,"href":"https:\/\/www.editiespecialapress.ro\/newtest\/wp-json\/"}],"wp:attachment":[{"href":"https:\/\/www.editiespecialapress.ro\/newtest\/wp-json\/wp\/v2\/media?parent=3438"}],"wp:term":[{"taxonomy":"category","embeddable":true,"href":"https:\/\/www.editiespecialapress.ro\/newtest\/wp-json\/wp\/v2\/categories?post=3438"},{"taxonomy":"post_tag","embeddable":true,"href":"https:\/\/www.editiespecialapress.ro\/newtest\/wp-json\/wp\/v2\/tags?post=3438"}],"curies":[{"name":"wp","href":"https:\/\/api.w.org\/{rel}","templated":true}]}}