{"id":3440,"date":"2015-12-27T23:06:46","date_gmt":"2015-12-27T21:06:46","guid":{"rendered":"http:\/\/www.editiespecialapress.ro\/?p=3440"},"modified":"2015-12-27T23:06:46","modified_gmt":"2015-12-27T21:06:46","slug":"la-multi-ani-2016-primaria-poiana-lacului","status":"publish","type":"post","link":"https:\/\/www.editiespecialapress.ro\/newtest\/2015\/12\/27\/la-multi-ani-2016-primaria-poiana-lacului\/","title":{"rendered":"La mul\u0163i ani, 2016!  Prim\u0103ria Poiana Lacului,"},"content":{"rendered":"<p>Fie ca s\u0103rb\u0103torile de iarn\u0103 s\u0103 v\u0103 aduc\u0103 lini\u015fte sufleteasc\u0103, mult noroc \u015fi iubire! Un An Nou al\u0103turi de cei dragi \u015fi apropia\u0163i suflete\u015fte.<\/p>\n<p style=\"text-align: center;\"><strong>La mul\u0163i ani, 2016! <\/strong><\/p>\n<p style=\"text-align: right;\"><strong>Prim\u0103ria Poiana Lacului,<\/strong><br \/>\n<strong>primar Dumitrache Ion \u015fi angaja\u0163ii prim\u0103riei<\/strong><\/p>\n","protected":false},"excerpt":{"rendered":"<p>Fie ca s\u0103rb\u0103torile de iarn\u0103 s\u0103 v\u0103 aduc\u0103 lini\u015fte sufleteasc\u0103, mult noroc \u015fi iubire! Un An Nou al\u0103turi de cei dragi \u015fi apropia\u0163i suflete\u015fte. La mul\u0163i ani, 2016! Prim\u0103ria Poiana Lacului, primar Dumitrache Ion \u015fi angaja\u0163ii prim\u0103riei<\/p>\n","protected":false},"author":2,"featured_media":3420,"comment_status":"closed","ping_status":"open","sticky":false,"template":"","format":"standard","meta":{"footnotes":""},"categories":[4],"tags":[],"class_list":{"0":"post-3440","1":"post","2":"type-post","3":"status-publish","4":"format-standard","5":"has-post-thumbnail","7":"category-felicitari"},"_links":{"self":[{"href":"https:\/\/www.editiespecialapress.ro\/newtest\/wp-json\/wp\/v2\/posts\/3440","targetHints":{"allow":["GET"]}}],"collection":[{"href":"https:\/\/www.editiespecialapress.ro\/newtest\/wp-json\/wp\/v2\/posts"}],"about":[{"href":"https:\/\/www.editiespecialapress.ro\/newtest\/wp-json\/wp\/v2\/types\/post"}],"author":[{"embeddable":true,"href":"https:\/\/www.editiespecialapress.ro\/newtest\/wp-json\/wp\/v2\/users\/2"}],"replies":[{"embeddable":true,"href":"https:\/\/www.editiespecialapress.ro\/newtest\/wp-json\/wp\/v2\/comments?post=3440"}],"version-history":[{"count":0,"href":"https:\/\/www.editiespecialapress.ro\/newtest\/wp-json\/wp\/v2\/posts\/3440\/revisions"}],"wp:featuredmedia":[{"embeddable":true,"href":"https:\/\/www.editiespecialapress.ro\/newtest\/wp-json\/"}],"wp:attachment":[{"href":"https:\/\/www.editiespecialapress.ro\/newtest\/wp-json\/wp\/v2\/media?parent=3440"}],"wp:term":[{"taxonomy":"category","embeddable":true,"href":"https:\/\/www.editiespecialapress.ro\/newtest\/wp-json\/wp\/v2\/categories?post=3440"},{"taxonomy":"post_tag","embeddable":true,"href":"https:\/\/www.editiespecialapress.ro\/newtest\/wp-json\/wp\/v2\/tags?post=3440"}],"curies":[{"name":"wp","href":"https:\/\/api.w.org\/{rel}","templated":true}]}}