{"id":3442,"date":"2015-12-27T23:07:38","date_gmt":"2015-12-27T21:07:38","guid":{"rendered":"http:\/\/www.editiespecialapress.ro\/?p=3442"},"modified":"2015-12-27T23:07:38","modified_gmt":"2015-12-27T21:07:38","slug":"la-multi-ani-2016-primaria-slobozia","status":"publish","type":"post","link":"https:\/\/www.editiespecialapress.ro\/newtest\/2015\/12\/27\/la-multi-ani-2016-primaria-slobozia\/","title":{"rendered":"La mul\u0163i ani, 2016!  Prim\u0103ria Slobozia,"},"content":{"rendered":"<p>E cump\u0103na dintre ani! S\u0103 privim \u00eenapoi cu iertare, \u00eenainte cu speran\u0163\u0103, \u00een jos cu \u00een\u0163elegere \u015fi \u00een sus cu recuno\u015ftin\u0163\u0103! Speran\u0163a s\u0103 v\u0103 deschid\u0103 poarta spre un An Nou plin de bucurii \u015fi \u00eempliniri.<\/p>\n<p style=\"text-align: center;\"><strong>La mul\u0163i ani, 2016!<\/strong><\/p>\n<p style=\"text-align: right;\"><strong>Prim\u0103ria Slobozia,<\/strong><br \/>\n<strong>primar Ni\u0163u Alexandru \u015fi angaja\u0163ii prim\u0103riei<\/strong><\/p>\n","protected":false},"excerpt":{"rendered":"<p>E cump\u0103na dintre ani! S\u0103 privim \u00eenapoi cu iertare, \u00eenainte cu speran\u0163\u0103, \u00een jos cu \u00een\u0163elegere \u015fi \u00een sus cu recuno\u015ftin\u0163\u0103! Speran\u0163a s\u0103 v\u0103 deschid\u0103 poarta spre un An Nou plin de bucurii \u015fi \u00eempliniri. La mul\u0163i ani, 2016! Prim\u0103ria Slobozia, primar Ni\u0163u Alexandru \u015fi angaja\u0163ii prim\u0103riei<\/p>\n","protected":false},"author":2,"featured_media":3421,"comment_status":"closed","ping_status":"open","sticky":false,"template":"","format":"standard","meta":{"footnotes":""},"categories":[4],"tags":[],"class_list":{"0":"post-3442","1":"post","2":"type-post","3":"status-publish","4":"format-standard","5":"has-post-thumbnail","7":"category-felicitari"},"_links":{"self":[{"href":"https:\/\/www.editiespecialapress.ro\/newtest\/wp-json\/wp\/v2\/posts\/3442","targetHints":{"allow":["GET"]}}],"collection":[{"href":"https:\/\/www.editiespecialapress.ro\/newtest\/wp-json\/wp\/v2\/posts"}],"about":[{"href":"https:\/\/www.editiespecialapress.ro\/newtest\/wp-json\/wp\/v2\/types\/post"}],"author":[{"embeddable":true,"href":"https:\/\/www.editiespecialapress.ro\/newtest\/wp-json\/wp\/v2\/users\/2"}],"replies":[{"embeddable":true,"href":"https:\/\/www.editiespecialapress.ro\/newtest\/wp-json\/wp\/v2\/comments?post=3442"}],"version-history":[{"count":0,"href":"https:\/\/www.editiespecialapress.ro\/newtest\/wp-json\/wp\/v2\/posts\/3442\/revisions"}],"wp:featuredmedia":[{"embeddable":true,"href":"https:\/\/www.editiespecialapress.ro\/newtest\/wp-json\/"}],"wp:attachment":[{"href":"https:\/\/www.editiespecialapress.ro\/newtest\/wp-json\/wp\/v2\/media?parent=3442"}],"wp:term":[{"taxonomy":"category","embeddable":true,"href":"https:\/\/www.editiespecialapress.ro\/newtest\/wp-json\/wp\/v2\/categories?post=3442"},{"taxonomy":"post_tag","embeddable":true,"href":"https:\/\/www.editiespecialapress.ro\/newtest\/wp-json\/wp\/v2\/tags?post=3442"}],"curies":[{"name":"wp","href":"https:\/\/api.w.org\/{rel}","templated":true}]}}