{"id":3444,"date":"2015-12-27T23:08:41","date_gmt":"2015-12-27T21:08:41","guid":{"rendered":"http:\/\/www.editiespecialapress.ro\/?p=3444"},"modified":"2015-12-27T23:08:41","modified_gmt":"2015-12-27T21:08:41","slug":"la-multi-ani-2016-primaria-arefu","status":"publish","type":"post","link":"https:\/\/www.editiespecialapress.ro\/newtest\/2015\/12\/27\/la-multi-ani-2016-primaria-arefu\/","title":{"rendered":"La  mul\u0163i ani, 2016!  Prim\u0103ria Arefu,"},"content":{"rendered":"<p>Anul \u00een care intr\u0103m s\u0103 v\u0103 aduc\u0103 multe binecuv\u00e2nt\u0103ri, har \u015fi pace, \u015fi \u00een noul an fericit, prosperitate \u015fi bucurie.<\/p>\n<p style=\"text-align: center;\"><strong>La\u00a0 mul\u0163i ani, 2016! <\/strong><\/p>\n<p style=\"text-align: right;\"><strong>Prim\u0103ria Arefu,<\/strong><br \/>\n<strong>primar Stoican Gheorghe \u015fi angaja\u0163ii prim\u0103riei<\/strong><\/p>\n","protected":false},"excerpt":{"rendered":"<p>Anul \u00een care intr\u0103m s\u0103 v\u0103 aduc\u0103 multe binecuv\u00e2nt\u0103ri, har \u015fi pace, \u015fi \u00een noul an fericit, prosperitate \u015fi bucurie. La\u00a0 mul\u0163i ani, 2016! Prim\u0103ria Arefu, primar Stoican Gheorghe \u015fi angaja\u0163ii prim\u0103riei<\/p>\n","protected":false},"author":2,"featured_media":3411,"comment_status":"closed","ping_status":"open","sticky":false,"template":"","format":"standard","meta":{"footnotes":""},"categories":[4],"tags":[],"class_list":{"0":"post-3444","1":"post","2":"type-post","3":"status-publish","4":"format-standard","5":"has-post-thumbnail","7":"category-felicitari"},"_links":{"self":[{"href":"https:\/\/www.editiespecialapress.ro\/newtest\/wp-json\/wp\/v2\/posts\/3444","targetHints":{"allow":["GET"]}}],"collection":[{"href":"https:\/\/www.editiespecialapress.ro\/newtest\/wp-json\/wp\/v2\/posts"}],"about":[{"href":"https:\/\/www.editiespecialapress.ro\/newtest\/wp-json\/wp\/v2\/types\/post"}],"author":[{"embeddable":true,"href":"https:\/\/www.editiespecialapress.ro\/newtest\/wp-json\/wp\/v2\/users\/2"}],"replies":[{"embeddable":true,"href":"https:\/\/www.editiespecialapress.ro\/newtest\/wp-json\/wp\/v2\/comments?post=3444"}],"version-history":[{"count":0,"href":"https:\/\/www.editiespecialapress.ro\/newtest\/wp-json\/wp\/v2\/posts\/3444\/revisions"}],"wp:featuredmedia":[{"embeddable":true,"href":"https:\/\/www.editiespecialapress.ro\/newtest\/wp-json\/"}],"wp:attachment":[{"href":"https:\/\/www.editiespecialapress.ro\/newtest\/wp-json\/wp\/v2\/media?parent=3444"}],"wp:term":[{"taxonomy":"category","embeddable":true,"href":"https:\/\/www.editiespecialapress.ro\/newtest\/wp-json\/wp\/v2\/categories?post=3444"},{"taxonomy":"post_tag","embeddable":true,"href":"https:\/\/www.editiespecialapress.ro\/newtest\/wp-json\/wp\/v2\/tags?post=3444"}],"curies":[{"name":"wp","href":"https:\/\/api.w.org\/{rel}","templated":true}]}}