{"id":3446,"date":"2015-12-27T23:09:44","date_gmt":"2015-12-27T21:09:44","guid":{"rendered":"http:\/\/www.editiespecialapress.ro\/?p=3446"},"modified":"2015-12-27T23:09:44","modified_gmt":"2015-12-27T21:09:44","slug":"la-multi-ani-2016-editie-speciala-press","status":"publish","type":"post","link":"https:\/\/www.editiespecialapress.ro\/newtest\/2015\/12\/27\/la-multi-ani-2016-editie-speciala-press\/","title":{"rendered":"La mul\u0163i ani, 2016! Edi\u0163ie Special\u0103 Press"},"content":{"rendered":"<p>LA MUL\u0162I ANI cu bucurie!\/Casa, cas\u0103 s\u0103 v\u0103 fie, Masa, mas\u0103 s\u0103 r\u0103maie,\/Iar in jurul ei s\u0103 vie\/Oameni buni, de omenie,\/ S\u0103 v-aduc\u0103 veselie,\/ G\u00e2nduri bune, cump\u0103tate \u015fi ur\u0103ri de s\u0103n\u0103tate\/ Zile multe \u015fi prospere, de la Dumnezeu putere\/ S\u0103 \u00eenvinge\u0163i relele ce v\u0103-ncurc\u0103 vie\u0163ile!<\/p>\n<p style=\"text-align: center;\"><strong>La mul\u0163i ani, 2016! <\/strong><\/p>\n<p style=\"text-align: right;\"><strong>Edi\u0163ie Special\u0103 Press,<\/strong><br \/>\n<strong>director Ratea Iulian \u015fi toat\u0103 redac\u0163ia<\/strong><\/p>\n","protected":false},"excerpt":{"rendered":"<p>LA MUL\u0162I ANI cu bucurie!\/Casa, cas\u0103 s\u0103 v\u0103 fie, Masa, mas\u0103 s\u0103 r\u0103maie,\/Iar in jurul ei s\u0103 vie\/Oameni buni, de omenie,\/ S\u0103 v-aduc\u0103 veselie,\/ G\u00e2nduri bune, cump\u0103tate \u015fi ur\u0103ri de s\u0103n\u0103tate\/ Zile multe \u015fi prospere, de la Dumnezeu putere\/ S\u0103 \u00eenvinge\u0163i relele ce v\u0103-ncurc\u0103 vie\u0163ile! La mul\u0163i ani, 2016! Edi\u0163ie Special\u0103 Press, director Ratea Iulian [&hellip;]<\/p>\n","protected":false},"author":2,"featured_media":3418,"comment_status":"closed","ping_status":"open","sticky":false,"template":"","format":"standard","meta":{"footnotes":""},"categories":[4],"tags":[],"class_list":{"0":"post-3446","1":"post","2":"type-post","3":"status-publish","4":"format-standard","5":"has-post-thumbnail","7":"category-felicitari"},"_links":{"self":[{"href":"https:\/\/www.editiespecialapress.ro\/newtest\/wp-json\/wp\/v2\/posts\/3446","targetHints":{"allow":["GET"]}}],"collection":[{"href":"https:\/\/www.editiespecialapress.ro\/newtest\/wp-json\/wp\/v2\/posts"}],"about":[{"href":"https:\/\/www.editiespecialapress.ro\/newtest\/wp-json\/wp\/v2\/types\/post"}],"author":[{"embeddable":true,"href":"https:\/\/www.editiespecialapress.ro\/newtest\/wp-json\/wp\/v2\/users\/2"}],"replies":[{"embeddable":true,"href":"https:\/\/www.editiespecialapress.ro\/newtest\/wp-json\/wp\/v2\/comments?post=3446"}],"version-history":[{"count":0,"href":"https:\/\/www.editiespecialapress.ro\/newtest\/wp-json\/wp\/v2\/posts\/3446\/revisions"}],"wp:featuredmedia":[{"embeddable":true,"href":"https:\/\/www.editiespecialapress.ro\/newtest\/wp-json\/"}],"wp:attachment":[{"href":"https:\/\/www.editiespecialapress.ro\/newtest\/wp-json\/wp\/v2\/media?parent=3446"}],"wp:term":[{"taxonomy":"category","embeddable":true,"href":"https:\/\/www.editiespecialapress.ro\/newtest\/wp-json\/wp\/v2\/categories?post=3446"},{"taxonomy":"post_tag","embeddable":true,"href":"https:\/\/www.editiespecialapress.ro\/newtest\/wp-json\/wp\/v2\/tags?post=3446"}],"curies":[{"name":"wp","href":"https:\/\/api.w.org\/{rel}","templated":true}]}}