{"id":3471,"date":"2016-01-11T00:11:53","date_gmt":"2016-01-10T22:11:53","guid":{"rendered":"http:\/\/www.editiespecialapress.ro\/?p=3471"},"modified":"2016-01-11T00:11:53","modified_gmt":"2016-01-10T22:11:53","slug":"genocid-in-masa-facut-de-catre-farmacistele-catena-pitesti-si-din-toata-tara-genocid-in-masa-facut-de-farmacistele-de-la-sensiblu-din-pitesti-si-din-toata-tara-pentru-refuzul-de-a-da-antibiotice-extr","status":"publish","type":"post","link":"https:\/\/www.editiespecialapress.ro\/newtest\/2016\/01\/11\/genocid-in-masa-facut-de-catre-farmacistele-catena-pitesti-si-din-toata-tara-genocid-in-masa-facut-de-farmacistele-de-la-sensiblu-din-pitesti-si-din-toata-tara-pentru-refuzul-de-a-da-antibiotice-extr\/","title":{"rendered":"Genocid \u00een mas\u0103 f\u0103cut de c\u0103tre farmacistele Catena Pite\u015fti \u015fi din toat\u0103 \u0163ara, genocid \u00een mas\u0103 f\u0103cut de farmacistele de la Sensiblu din Pite\u015fti \u015fi din toat\u0103 \u0163ara pentru refuzul de a da antibiotice Extraverale etc. f\u0103r\u0103 re\u0163ete victimelor grav bolnave, de\u015fi legea farmaciei nr. 266\/2008 \u015fi alte legi \u015fi ordine ale ministrului s\u0103n\u0103t\u0103\u0163ii nu interzic eliberarea de antibiotice f\u0103r\u0103 re\u0163et\u0103"},"content":{"rendered":"<figure id=\"attachment_3488\" aria-describedby=\"caption-attachment-3488\" style=\"width: 400px\" class=\"wp-caption alignleft\"><img loading=\"lazy\" decoding=\"async\" class=\"size-medium wp-image-3488\" src=\"http:\/\/www.editiespecialapress.ro\/wp\/wp-content\/uploads\/2016\/01\/Fiica-securistului-comunist-Anca-Vlad-escroac---na--ional---rulaj-mare-cu-banii-lui-t--ticu-fura--i-400x293.jpg\" alt=\"Fiica securistului comunist, Anca Vlad, escroac\u0103 na\u0163ional\u0103, rulaj mare cu banii lui t\u0103ticu' fura\u0163i\" width=\"400\" height=\"293\" \/><figcaption id=\"caption-attachment-3488\" class=\"wp-caption-text\">Fiica securistului comunist, Anca Vlad, escroac\u0103 na\u0163ional\u0103, rulaj mare cu banii lui t\u0103ticu&#8217; fura\u0163i<\/figcaption><\/figure>\n<p>Genocid \u00een mas\u0103 prin refuzul de\u00a0 a da antibiotice victimelor grav bolnave, motiv\u00e2nd c\u0103 nu au re\u0163ete, criminalele de la farmacia Catena \u015fi Sensiblu, manager Anca Vlad, fiica fostului \u015fef al Securit\u0103\u0163ii comuniste, Iulian Vlad, de la farmaciile sute Catena, managerii Sensiblu, cu sute de farmaci, Michel Carles, Eid Robert Ludovic, Charles Simon, Roger Fawzi, El Acouri, libanez, \u015fi\u00a0Walid Abboud, libanez, legea farmaciilor nr. 266\/2008 etc. nu prevede re\u0163ete la antibiotice, cre\u00e2nd o diversiune cu prepararea medicamentelor f\u0103cute de ele \u00een farmacii cu antibiotice, spa\u0163ii la sute de farmaci cump\u0103rate pe nimic de la primarii de ora\u015fe etc.,medicamente expirate, date retur la produc\u0103tori, \u00eembun\u0103t\u0103\u0163ite pentru victime, din nou la v\u00e2nzare.<\/p>\n<p>Dragii no\u015ftri cititori, continu\u0103m \u00een aceast\u0103 edi\u0163ie cu sute, mii de farmaciste Catena \u015fi Sensiblu din toat\u0103 \u0163ara, criminale de meserie, cu managerii, ho\u0163i escroci, precum fiica fostului \u015fef al Securit\u0103\u0163ii, Iulian Vlad, la care banii fura\u0163i din conturile lui Nicolae Ceau\u015fescu \u015fi ale statului de t\u0103ticul ei, securist asasin comunist, \u015fi-au permis s\u0103 investeasc\u0103 \u015fi s\u0103-i ruleze cump\u0103r\u00e2nd sute de spa\u0163ii \u00een toat\u0103 \u0163ara pe nimic, de la primarii comuni\u015fti ho\u0163i, au f\u0103cut farmacii luxoase, devenind cu multe miliarde de euro, chiar zeci de milioane la purt\u0103tor, ceilal\u0163i de la Sensiblu, tot ni\u015fte ho\u0163i de ho\u0163i, care au nenorocit Europa cu furturi, evaziuni, etc., rul\u00e2nd banii fura\u0163i \u00een farmaciile Sensiblu, cump\u0103r\u00e2nd sute de spa\u0163ii pe nimic de la prim\u0103riile de ora\u015f.<\/p>\n<figure id=\"attachment_3489\" aria-describedby=\"caption-attachment-3489\" style=\"width: 231px\" class=\"wp-caption alignright\"><img loading=\"lazy\" decoding=\"async\" class=\"size-medium wp-image-3489\" src=\"http:\/\/www.editiespecialapress.ro\/wp\/wp-content\/uploads\/2016\/01\/Iulian-Vlad-asasin---n-comunism-fostul---ef-al-Securit----ii-furt-masiv-din-conturile-Ceau--e--tilor---i-al-statului-infrac--iuni-multe-rulaj-mare-la-Catena-231x300.jpg\" alt=\"Iulian Vlad,  asasin \u00een comunism, fostul \u015fef al Securit\u0103\u0163ii , furt masiv din conturile Ceau\u015fe\u015ftilor \u015fi al statului, infrac\u0163iuni multe, rulaj mare la Catena\" width=\"231\" height=\"300\" \/><figcaption id=\"caption-attachment-3489\" class=\"wp-caption-text\">Iulian Vlad, asasin \u00een comunism, fostul \u015fef al Securit\u0103\u0163ii , furt masiv din conturile Ceau\u015fe\u015ftilor \u015fi al statului, infrac\u0163iuni multe, rulaj mare la Catena<\/figcaption><\/figure>\n<p>V\u0103 prezent\u0103m tehnica criminal\u0103 a tuturor farmacistelor de la Catena \u015fi Sensiblu. Ne-am deplasat prin toat\u0103 \u0163ara la farmaciile Catena \u015fi Sensiblu, am filmat sute de nemernice criminale care au refuzat total s\u0103 ne elibereze antibiotice, f\u0103r\u0103 a avea re\u0163ete de la medici. Nu au vrut s\u0103 ne dea nici Extraveral, motiv\u00e2nd c\u0103 are antibiotic \u00een el. Am luat informa\u0163ii de la mii de victime care au fost refuzate de ele pentru eliberarea antibioticelor \u015fi ne-au declarat c\u0103 au murit din cauza farmacistelor criminale copii mici, b\u0103tr\u00e2ni \u015fi tineri mul\u0163i. Au spus victimele c\u0103 nu au serviciu, sunt bolnave, medicii de familie nu le-au dat re\u0163ete, \u00eentruc\u00e2t nu au prezentat cupoane de pensie, adeverin\u0163e unde lucreaz\u0103. Sunt \u00een \u0163ar\u0103 f\u0103r\u0103 a avea serviciu sau f\u0103r\u0103 pensii c\u00e2teva milioane de cet\u0103\u0163eni, unii bolnavi, al\u0163ii lucreaz\u0103 la negru. Care au contracte de colaborare cu S.C. \u015fi nu au angajarea la S.C.-uri, nu le pot elibera adeverin\u0163e pentru medicul de familie. Ei te pun s\u0103 pl\u0103te\u015fti la ANAF abuziv bani pentru, chipurile, asigur\u0103ri sociale, dar legal nu e nimic, adeverin\u0163\u0103 nu le po\u0163i da la colaboratori cu contracte civile. A\u015fa arat\u0103 ordonan\u0163ele \u015fi legile. A\u015fa c\u0103 pot muri dup\u0103 p\u0103rerea lui Iulian Vlad \u015fi a fiic\u0103-si, Anca Vlad, \u015fi\u00a0 a celorlal\u0163i manageri de la Sensiblu, milioane de rom\u00e2ni. Criminalele farmaciste dau vina pe manageri, au zis:\u00a0<em>ordinele vin de sus.<\/em>\u00a0Le-am spus noi:\u00a0<em>De la Securitatea<\/em>\u00a0<em>comunist\u0103 a lui Iulian Vlad, c\u0103 SRI-ul \u015fi SIE ajut\u0103 poporul, \u00eel scap\u0103 de infractori ca voi?\u00a0<\/em>Din toate<em>\u00a0<\/em>verific\u0103rile noastre<em>,<\/em>\u00a0la criminale a reie\u015fit c\u0103 ele s-au speriat c\u00e2nd au auzit c\u0103 la un spital sau dou\u0103 din \u0163ar\u0103 ar fi decedat 2 persoane care ar fi luat antibiotice multe. Noi le-am explicat c\u0103 dac\u0103 nu dau antibiotice, Extraveral etc. la cet\u0103\u0163enii Rom\u00e2niei, vor muri mii anual, precum s-a \u015fi \u00eent\u00e2mplat p\u00e2n\u0103 acum. Le-am spus c\u0103 o s\u0103 r\u0103spund\u0103 fiecare farmacist\u0103 \u015fi \u015fefii lor pentru genocidul \u00een mas\u0103. Nu le-a interesat, au luat-o \u00een glum\u0103, dar o s-o ia \u00een gur\u0103 ca \u015fi al\u0163ii la arest. Am mai sesizat noi c\u0103 se feresc de controale, \u00eentruc\u00e2t toate medicamentele expirate le dau retur de la farmaciile din \u0163ar\u0103 la Bucure\u015fti, dup\u0103 aceea le dau \u00eenapoi la fabricile de medicamente la care vin retur \u00eembun\u0103t\u0103\u0163ite,<\/p>\n<figure id=\"attachment_3490\" aria-describedby=\"caption-attachment-3490\" style=\"width: 400px\" class=\"wp-caption alignleft\"><img loading=\"lazy\" decoding=\"async\" class=\"size-medium wp-image-3490\" src=\"http:\/\/www.editiespecialapress.ro\/wp\/wp-content\/uploads\/2016\/01\/Sediu-Sensiblu-al-farmacistelor-criminale-400x267.jpg\" alt=\"Sediu Sensiblu al farmacistelor criminale\" width=\"400\" height=\"267\" \/><figcaption id=\"caption-attachment-3490\" class=\"wp-caption-text\">Sediu Sensiblu al farmacistelor criminale<\/figcaption><\/figure>\n<p>calitate 10% fa\u0163\u0103 de cele normale. V\u0103 \u00eenchipui\u0163i c\u0103 pl\u0103tesc foarte pu\u0163in pe ele \u015fi c\u00e2\u015ftig\u0103 foarte mult. Se practic\u0103 ca la biseric\u0103 la lum\u00e2n\u0103ri. Jum\u0103t\u0103\u0163ile de lum\u00e2n\u0103ri care r\u0103m\u00e2n nearse, le dau la Calinic la Curtea de Arge\u015f retur, le bag\u0103 la topit \u015fi gata, s-au f\u0103cut lum\u00e2n\u0103ri de calitate spre v\u00e2nzare la biserici. Astea afaceri nu glum\u0103. S\u0103 fim noi sup\u0103ra\u0163i pe infractori numai pentru at\u00e2t? Legea farmaciilor nr. 266\/2008, ordonan\u0163e \u00een continuare \u015fi ordine ale ministrului s\u0103n\u0103t\u0103\u0163ii arat\u0103 la articolul nr. 2 , alin. 1, lit. b) din aceea\u015fi lege, 266\/2008, c\u0103 eliberarea la pre\u0163ul cu am\u0103nuntul, \u00een conformitate cu prevederile legale ale medicamentelor, f\u0103r\u0103 prescrip\u0163ie medical\u0103. Coardele criminale de farmaciste creeaz\u0103 o diversiune \u015fi o confuzie cu art. 5, alin. 1 \u015fi alin. 2 din aceea\u015fi lege, care arat\u0103 activit\u0103\u0163ile prev\u0103zute la art.2 alin. 1, lit. b), e) \u015fi g) c\u0103 se poate realiza de c\u0103tre asisten\u0163ii medicali de farmacii \u00een farmacia comunitar\u0103 sau drogherie cu excep\u0163ia v\u00e2nz\u0103rii produselor homeopate care se elibereaz\u0103 numai pe baz\u0103 de prescrip\u0163ie medical\u0103 sau re\u0163et\u0103. Se refer\u0103 la prescrip\u0163ia medical\u0103 dat\u0103 de medici pentru prepararea antibioticelor de c\u0103tre farmaci\u015fti \u015fi a unor medicamente f\u0103cute tot de ei \u00een farmacii. \u00cen toate legile farmaciilor nu este interzis cump\u0103ratul de antibiotice f\u0103r\u0103 a avea re\u0163et\u0103 medical\u0103, fiecare cet\u0103\u0163ean are dreptul s\u0103-\u015fi cumpere medicamente, antibiotice cu prospect \u00een cutii \u015fi s\u0103-\u015fi ia tratamentul pentru diferite infec\u0163ii, \u00een g\u00e2t, \u00een piept, infec\u0163ii dentare etc. Cet\u0103\u0163enii nu sunt at\u00e2t de pro\u015fti s\u0103 nu \u015ftie c\u00e2nd au o infec\u0163ie \u00een g\u00e2t, febr\u0103, etc. Au mai scris diferite publica\u0163ii la Timi\u015foara \u015fi publica\u0163ia\u00a0<em>Ring,\u00a0<\/em>Bucure\u015fti, c\u0103 antibioticele se dau pe baz\u0103 de re\u0163et\u0103 medical\u0103, pe prescripi\u0163ie medical\u0103. Bie\u0163ii de ei nu au cuno\u015ftin\u0163e juridice \u015fi medicii pro\u015fti, tot ca ei, au \u00een\u0163eles c\u0103 legea farmaciilor interzice eliberarea f\u0103r\u0103 re\u0163et\u0103 a antibioticelor.\u00a0 Nu reiese din nicio lege aceasta, dec\u00e2t din mintea lor bolnav\u0103 pentru\u00a0 a bloca<\/p>\n<figure id=\"attachment_3491\" aria-describedby=\"caption-attachment-3491\" style=\"width: 400px\" class=\"wp-caption alignright\"><img loading=\"lazy\" decoding=\"async\" class=\"size-medium wp-image-3491\" src=\"http:\/\/www.editiespecialapress.ro\/wp\/wp-content\/uploads\/2016\/01\/Sediul-criminalelor-famaciste-400x300.jpg\" alt=\"Sediul criminalelor famaciste\" width=\"400\" height=\"300\" \/><figcaption id=\"caption-attachment-3491\" class=\"wp-caption-text\">Sediul criminalelor famaciste<\/figcaption><\/figure>\n<p>cet\u0103\u0163enii \u015fi de a-i omor\u00ee prin infec\u0163iile pe care le au. Mai mult ajut\u0103 medicii s\u0103 aib\u0103 pacien\u0163i c\u00e2t mai mul\u0163i pentru a \u00eencasa \u015fp\u0103gi c\u00e2t mai mari. B\u0103ie\u0163ii de\u015ftep\u0163i de la presa lui Iulian Vlad si a celorlal\u0163i sunt de acord s\u0103 lase poporul f\u0103r\u0103 antibiotice, la bolnavi \u00een stare grav\u0103 \u015fi s\u0103 moar\u0103 mii pe an. Dac\u0103 ai o infec\u0163ie mare la amigdalite, \u00een piept, la dantur\u0103, etc. nu ai serviciu, nu e\u015fti pensionar, e\u015fti elev sau lucrezi \u00een deplasare \u015fi nu po\u0163i s\u0103 ajungi la medicul de familie s\u0103 \u00ee\u0163i dea o re\u0163et\u0103 sau o prescrip\u0163ie medical\u0103, deja te duci lejer spre cimitir, cum s-au dus mii de cet\u0103\u0163eni p\u00e2n\u0103 la aceast\u0103 or\u0103. La urgen\u0163e dac\u0103 mai ajungi bine acolo te iau al\u0163ii la \u00eentreb\u0103ri, unde lucrezi, e\u015fti pensionar, pl\u0103te\u015fti spitalizarea, \u015fi uite a\u015fa mor oamenii p\u00e2n\u0103 se hot\u0103r\u0103sc criminalii s\u0103-\u0163i dea antibiotice s\u0103 scapi de infec\u0163ii grave, febr\u0103, etc. Ei au \u00een\u0163eles \u00een legea farmaciilor c\u0103 unele medicamente se dau cu re\u0163et\u0103 de la medicul de familie. Dar \u00een lege nu specific\u0103 interzicerea antibioticelor f\u0103r\u0103 re\u0163ete sau prescrip\u0163ii medicale. A\u015fa \u00een\u0163eleg pro\u015ftii sau fac pe pro\u015ftii s\u0103 dispar\u0103 poporul c\u00e2t mai repede. A\u015fa c\u0103 dac\u0103 vom avea infec\u0163ii \u015fi suntem \u00een alte jude\u0163e din \u0163ar\u0103 sau la capital\u0103, ne putem duce lini\u015fti\u0163i cu pro\u015ftii p\u0103m\u00e2ntului, farmaci\u015ftii iadului. Avem sute de pro\u015fti de farmaci\u015fti, farmaciste filma\u0163i c\u00e2nd ne refuz\u0103 cu rea credin\u0163\u0103 s\u0103 ne dea antibiotice. Mai veneau \u015fi femei \u00een v\u00e2rst\u0103 bolnave de r\u0103ceal\u0103, infec\u0163ii \u00een piept, la amigdalite, febr\u0103 mare, le scoteau afar\u0103 din farmacii, refuz\u00e2nd s\u0103 le dea antibiotice. Fereasc\u0103 Sf\u00e2ntul Dumnezeu s\u0103 v\u0103 \u00eemboln\u0103vi\u0163i, s\u0103 nu ave\u0163i re\u0163ete<\/p>\n<figure id=\"attachment_3492\" aria-describedby=\"caption-attachment-3492\" style=\"width: 400px\" class=\"wp-caption alignleft\"><img loading=\"lazy\" decoding=\"async\" class=\"size-medium wp-image-3492\" src=\"http:\/\/www.editiespecialapress.ro\/wp\/wp-content\/uploads\/2016\/01\/Sediul-farmacistelor-criminale-400x300.jpg\" alt=\"Sediul farmacistelor criminale\" width=\"400\" height=\"300\" \/><figcaption id=\"caption-attachment-3492\" class=\"wp-caption-text\">Sediul farmacistelor criminale<\/figcaption><\/figure>\n<p>medicale sau prescrip\u0163ie medical\u0103. V\u0103 da\u0163i seama ce v\u0103 a\u015fteapt\u0103. \u0102\u015ftia-s bolnavi psihici, trebuie s\u0103 te duci la medicul de familie c\u00e2nd ai o infec\u0163ie \u00een g\u00e2t etc. Nu-\u0163i po\u0163i lua antibiotice c\u0103 noi am fi pro\u015fti \u015fi nu am \u015fti s\u0103 citim prospectele. Dac\u0103 ajungi la Urgen\u0163\u0103, vai mama noastr\u0103, dai de alte creaturi, care nu dezinfecteaz\u0103 instrumentele sidoase.\u00a0 Dac\u0103 te internezi, \u00ee\u0163i iei alte boli grave \u015fi nu se \u015ftie dac\u0103 mai ajungi acas\u0103. Pe ei \u00eei intereseaz\u0103 numai afacerile cu medicamente, puritate 10% fa\u0163\u0103 de medicamentele normale. Afaceri cu spitalele etc. nu le mai punem. Nenea Iulian Vlad \u015fi-a b\u0103gat \u015fi el, ca to\u0163i b\u0103ie\u0163ii de\u015ftep\u0163i, pe fiic\u0103-sa la afaceri cu banii fura\u0163i din conturile Ceau\u015fe\u015ftilor \u015fi ai statului. S\u0103-\u0163i cumperi \u00een anul 1997 160 de farmacii sau spa\u0163ii pentru farmacii, ca fiica lui Iulian Vlad, nu s-a mai pomenit dec\u00e2t la Felix Motanu&#8217;. Aceea\u015fi manevr\u0103 de furturi din conturile Ceau\u015fe\u015ftilor \u015fi ale statului. V\u0103 da\u0163i seama c\u00e2te farmacii au construit p\u00e2n\u0103 la aceast\u0103 or\u0103 pe p\u0103m\u00e2ntul prim\u0103riilor din toat\u0103 \u0163ara, dar au cump\u0103rat \u015fi p\u0103m\u00e2nturile din patrimoniul prim\u0103riilor pe nimic, c\u0103 doar \u015fpag\u0103 primarii mult\u0103 au luat. Cic\u0103 Anca Vlad ar avea o avere de 70 milioane de euro, cam prin 1997. V\u0103 cam \u00eenchipui\u0163i c\u0103 am verificat bine ce sume de zeci de miliarde de euro are la aceast\u0103 or\u0103. Rulaj la greu din medicamentele f\u0103c\u0103tur\u0103 \u015fi tot felul de nemernicii la S.C.-uri. \u00ce\u015fi fac c\u00e2te o intrare pe marf\u0103, dup-aia aduc medicamente la negru \u015fi v\u00e2nd pe aceea\u015fi intrare c\u00e2teva luni. Evaziune la greu. Pe Iulian Vlad \u00een loc s\u0103-l execute Ion Iliescu cu b\u0103ie\u0163ii lui, i-a mai dat un picior \u00een cur, un pas \u00eenainte de a ajunge multimiliardar \u00een euro.\u00a0 \u0102\u015ftia-s comuni\u015fti, cu ei dans\u0103m p\u00e2n\u0103 \u00eei parc\u0103m la arest.<\/p>\n<figure id=\"attachment_3493\" aria-describedby=\"caption-attachment-3493\" style=\"width: 400px\" class=\"wp-caption alignright\"><img loading=\"lazy\" decoding=\"async\" class=\"wp-image-3493 size-medium\" src=\"http:\/\/www.editiespecialapress.ro\/wp\/wp-content\/uploads\/2016\/01\/Sediul-infractoarelor-criminale-Sensiblu-400x225.jpg\" alt=\"Sediul infractoarelor criminale Sensiblu\" width=\"400\" height=\"225\" \/><figcaption id=\"caption-attachment-3493\" class=\"wp-caption-text\">Sediul infractoarelor criminale Sensiblu<\/figcaption><\/figure>\n<p>Sensiblu are de asemenea c\u00e2teva sute de farmacii \u00een toat\u0103 \u0163ara, au luat tot ca Anca Vlad, \u00een centrul ora\u015felor \u015fi \u00een cartiere la pozi\u0163ie sau unde mai fuseser\u0103 farmacii, tot pe nimic cu domnii primari comuni\u015fti. Primarii au fost mul\u0163umi\u0163i de \u015fp\u0103gile primite. \u0102\u015ftia sunt mai\u00a0 mul\u0163i escroci, adun\u0103turi de infractori din mai multe \u0163\u0103ri.<\/p>\n<ol>\n<li>Solicit\u0103m verificarea film\u0103rilor din toate farmaciile Catena \u015fi Sensiblu din toat\u0103 \u0163ara, \u00een special la Pite\u015fti, pentru a se vedea cum refuz\u0103 victimele grav bolnave pentru a le da antibiotice. Stabilirea cu exactitate a victimelor dup\u0103 film\u0103ri, verificarea identit\u0103\u0163ii lor \u015fi c\u00e2te mai tr\u0103iesc.<\/li>\n<li>Solicit\u0103m verificarea medicamentelor expirate la cele dou\u0103 farmacii \u015fi cursul lor la fabrici pentru preparare \u015fi dup\u0103 aceea trimise din nou la v\u00e2nzare.<\/li>\n<li>Solicit\u0103m verificarea documentelor de intr\u0103ri \u015fi ie\u015firi la toate farmaciile Catena \u015fi Sensiblu, \u00eentruc\u00e2t avem informa\u0163ii c\u0103 aduc \u015fi medicamente la negru de la fabrici, pe care le introduc \u00een farmacii pe acelea\u015fi intr\u0103ri pe care le-au cump\u0103rat legal. Adic\u0103 folosesc o intrare \u015fi pe ea bag\u0103 de mai multe ori medicamentele cump\u0103rate la negru.<\/li>\n<li>Solicit\u0103m verificarea tuturor spa\u0163iilor cump\u0103rate de manageri de la aceste dou\u0103 firme \u015fi cump\u0103rarea terenurilor din domeniul public pentru construc\u0163ii, pe care le-au luat pe nimic de la primarii de ora\u015fe \u015fi de la capital\u0103. Licita\u0163iile au fost doar pentru Iulian Vlad \u015fi ceilal\u0163i infractori manageri.<\/li>\n<\/ol>\n<p>5.Solicit\u0103m autosesizare din partea prim-procurorului DNA Pite\u015fti, a prim-procurorului DNA Bucure\u015fti, precum \u015fi a prim-procurorului al Parchetului de pe l\u00e2ng\u0103 Tribunalul Arge\u015f \u015fi a prim-procurorilor de la Parchetele de pe l\u00e2ng\u0103 tribunalele de la alte jude\u0163e \u015fi din capital\u0103.<\/p>\n<p style=\"text-align: right;\"><strong>Articol de<\/strong><br \/>\n<strong>Mitroi Cornel<\/strong><\/p>\n<p style=\"text-align: right;\"><strong><img loading=\"lazy\" decoding=\"async\" class=\" wp-image-3474 alignleft\" src=\"http:\/\/www.editiespecialapress.ro\/wp\/wp-content\/uploads\/2016\/01\/Catena-farmacista-asasina-400x266.jpg\" alt=\"Catena farmacista asasina\" width=\"396\" height=\"267\" \/> <img loading=\"lazy\" decoding=\"async\" class=\"alignright  wp-image-3473\" src=\"http:\/\/www.editiespecialapress.ro\/wp\/wp-content\/uploads\/2016\/01\/Asasine-farmaciste-Catena-400x266.jpg\" alt=\"Asasine farmaciste Catena\" width=\"388\" height=\"262\" \/> <img loading=\"lazy\" decoding=\"async\" class=\"size-medium wp-image-3472 alignleft\" src=\"http:\/\/www.editiespecialapress.ro\/wp\/wp-content\/uploads\/2016\/01\/Asasina-farmacista-Sensiblu-400x266.jpg\" alt=\"Asasina farmacista Sensiblu\" width=\"400\" height=\"266\" \/><img loading=\"lazy\" decoding=\"async\" class=\"alignright size-medium wp-image-3477\" src=\"http:\/\/www.editiespecialapress.ro\/wp\/wp-content\/uploads\/2016\/01\/Criminalele-farmaciste-Sensiblu-400x267.jpg\" alt=\"Criminalele farmaciste Sensiblu\" width=\"400\" height=\"267\" \/> <img loading=\"lazy\" decoding=\"async\" class=\"size-medium wp-image-3476 alignleft\" src=\"http:\/\/www.editiespecialapress.ro\/wp\/wp-content\/uploads\/2016\/01\/Criminal---farmacist---de-la-Sensiblu-400x267.jpg\" alt=\"Criminal\u0103 farmacist\u0103 de la Sensiblu\" width=\"400\" height=\"267\" \/> <img loading=\"lazy\" decoding=\"async\" class=\"alignright size-medium wp-image-3475\" src=\"http:\/\/www.editiespecialapress.ro\/wp\/wp-content\/uploads\/2016\/01\/Catena-farmacista-criminala-400x267.jpg\" alt=\"Catena farmacista criminala\" width=\"400\" height=\"267\" \/><img loading=\"lazy\" decoding=\"async\" class=\"size-medium wp-image-3480 alignleft\" src=\"http:\/\/www.editiespecialapress.ro\/wp\/wp-content\/uploads\/2016\/01\/Farmacista-criminal---Sensiblu-400x267.jpg\" alt=\"Farmacista criminal\u0103 Sensiblu\" width=\"400\" height=\"267\" \/> <img loading=\"lazy\" decoding=\"async\" class=\"alignright size-medium wp-image-3479\" src=\"http:\/\/www.editiespecialapress.ro\/wp\/wp-content\/uploads\/2016\/01\/Farmacist---criminal---Catena-400x267.jpg\" alt=\"Farmacist\u0103 criminal\u0103 Catena\" width=\"400\" height=\"267\" \/> <img loading=\"lazy\" decoding=\"async\" class=\"size-medium wp-image-3478 alignleft\" src=\"http:\/\/www.editiespecialapress.ro\/wp\/wp-content\/uploads\/2016\/01\/Farmacist---Catena-criminal---400x267.jpg\" alt=\"Farmacist\u0103 Catena, criminal\u0103\" width=\"400\" height=\"267\" \/><\/strong><\/p>\n<p style=\"text-align: left;\"><img loading=\"lazy\" decoding=\"async\" class=\"alignright size-medium wp-image-3486\" src=\"http:\/\/www.editiespecialapress.ro\/wp\/wp-content\/uploads\/2016\/01\/Sensiblu-farmacist---criminal---400x267.jpg\" alt=\"Sensiblu farmacist\u0103 criminal\u0103\" width=\"400\" height=\"267\" \/> <img loading=\"lazy\" decoding=\"async\" class=\"size-medium wp-image-3485 alignleft\" src=\"http:\/\/www.editiespecialapress.ro\/wp\/wp-content\/uploads\/2016\/01\/Sensiblu-farmacista-criminala-400x267.jpg\" alt=\"Sensiblu farmacista criminala\" width=\"400\" height=\"267\" \/><img loading=\"lazy\" decoding=\"async\" class=\"alignright size-medium wp-image-3484\" src=\"http:\/\/www.editiespecialapress.ro\/wp\/wp-content\/uploads\/2016\/01\/Sensiblu-criminala-farmacist---400x267.jpg\" alt=\"Sensiblu criminala  farmacist\u0103\" width=\"400\" height=\"267\" \/> <img loading=\"lazy\" decoding=\"async\" class=\"size-medium wp-image-3483 alignleft\" src=\"http:\/\/www.editiespecialapress.ro\/wp\/wp-content\/uploads\/2016\/01\/Farmacistele-asasine-Catena-langa-Casa-Cartii-Pitesti1-400x266.jpg\" alt=\"Farmacistele asasine Catena, langa Casa Cartii, Pitesti\" width=\"400\" height=\"266\" \/> <img loading=\"lazy\" decoding=\"async\" class=\"alignright size-medium wp-image-3481\" src=\"http:\/\/www.editiespecialapress.ro\/wp\/wp-content\/uploads\/2016\/01\/Farmacista-Sensiblu-criminal---400x267.jpg\" alt=\"Farmacista Sensiblu criminal\u0103\" width=\"400\" height=\"267\" \/><\/p>\n<p style=\"text-align: left;\">\n","protected":false},"excerpt":{"rendered":"<p>Genocid \u00een mas\u0103 prin refuzul de\u00a0 a da antibiotice victimelor grav bolnave, motiv\u00e2nd c\u0103 nu au re\u0163ete, criminalele de la farmacia Catena \u015fi Sensiblu, manager Anca Vlad, fiica fostului \u015fef al Securit\u0103\u0163ii comuniste, Iulian Vlad, de la farmaciile sute Catena, managerii Sensiblu, cu sute de farmaci, Michel Carles, Eid Robert Ludovic, Charles Simon, Roger Fawzi, [&hellip;]<\/p>\n","protected":false},"author":2,"featured_media":3487,"comment_status":"closed","ping_status":"open","sticky":false,"template":"","format":"standard","meta":{"footnotes":""},"categories":[2],"tags":[212,213,214,215],"class_list":{"0":"post-3471","1":"post","2":"type-post","3":"status-publish","4":"format-standard","5":"has-post-thumbnail","7":"category-ancheta","8":"tag-anca-vlad","9":"tag-farmacia-catena","10":"tag-farmacia-sensiblu","11":"tag-iulian-vlad"},"_links":{"self":[{"href":"https:\/\/www.editiespecialapress.ro\/newtest\/wp-json\/wp\/v2\/posts\/3471","targetHints":{"allow":["GET"]}}],"collection":[{"href":"https:\/\/www.editiespecialapress.ro\/newtest\/wp-json\/wp\/v2\/posts"}],"about":[{"href":"https:\/\/www.editiespecialapress.ro\/newtest\/wp-json\/wp\/v2\/types\/post"}],"author":[{"embeddable":true,"href":"https:\/\/www.editiespecialapress.ro\/newtest\/wp-json\/wp\/v2\/users\/2"}],"replies":[{"embeddable":true,"href":"https:\/\/www.editiespecialapress.ro\/newtest\/wp-json\/wp\/v2\/comments?post=3471"}],"version-history":[{"count":0,"href":"https:\/\/www.editiespecialapress.ro\/newtest\/wp-json\/wp\/v2\/posts\/3471\/revisions"}],"wp:featuredmedia":[{"embeddable":true,"href":"https:\/\/www.editiespecialapress.ro\/newtest\/wp-json\/"}],"wp:attachment":[{"href":"https:\/\/www.editiespecialapress.ro\/newtest\/wp-json\/wp\/v2\/media?parent=3471"}],"wp:term":[{"taxonomy":"category","embeddable":true,"href":"https:\/\/www.editiespecialapress.ro\/newtest\/wp-json\/wp\/v2\/categories?post=3471"},{"taxonomy":"post_tag","embeddable":true,"href":"https:\/\/www.editiespecialapress.ro\/newtest\/wp-json\/wp\/v2\/tags?post=3471"}],"curies":[{"name":"wp","href":"https:\/\/api.w.org\/{rel}","templated":true}]}}