{"id":3588,"date":"2016-02-28T23:52:42","date_gmt":"2016-02-28T21:52:42","guid":{"rendered":"http:\/\/www.editiespecialapress.ro\/?p=3588"},"modified":"2016-02-28T23:52:42","modified_gmt":"2016-02-28T21:52:42","slug":"condamnari-pe-banda-rulanta-la-judecatoria-ramnicu-valcea-de-catre-judecatorii-vlad-valentin-tuglui-corina-si-baciu-rosita-victime-distruse-in-masa-de-acestia-probe-nevoie-mare-interceptari-sten","status":"publish","type":"post","link":"https:\/\/www.editiespecialapress.ro\/newtest\/2016\/02\/28\/condamnari-pe-banda-rulanta-la-judecatoria-ramnicu-valcea-de-catre-judecatorii-vlad-valentin-tuglui-corina-si-baciu-rosita-victime-distruse-in-masa-de-acestia-probe-nevoie-mare-interceptari-sten\/","title":{"rendered":"Condamn\u0103ri pe band\u0103 rulant\u0103 la Judec\u0103toria R\u00e2mnicu V\u00e2lcea de c\u0103tre judec\u0103torii: Vlad Valentin, \u0162uglui Corina \u015fi Baciu Rosita, victime distruse \u00een mas\u0103 de ace\u015ftia, probe nevoie mare, intercept\u0103ri, stenograme \u00een dosare f\u0103r\u0103 aprobarea judec\u0103torilor, condamn\u0103ri de la cinci ani \u00een sus"},"content":{"rendered":"<figure id=\"attachment_3590\" aria-describedby=\"caption-attachment-3590\" style=\"width: 300px\" class=\"wp-caption alignleft\"><img loading=\"lazy\" decoding=\"async\" class=\"size-medium wp-image-3590\" src=\"http:\/\/www.editiespecialapress.ro\/wp\/wp-content\/uploads\/2016\/02\/Sediul-criminalilor---n-robe-judec--toria-Rm.-V--lcea-300x300.jpg\" alt=\"Sediul criminalilor \u00een robe, judec\u0103toria Rm. V\u00e2lcea\" width=\"300\" height=\"300\" \/><figcaption id=\"caption-attachment-3590\" class=\"wp-caption-text\">Sediul criminalilor \u00een robe, judec\u0103toria Rm. V\u00e2lcea<\/figcaption><\/figure>\n<p>Judec\u0103torii: Vlad Valentin, \u0162uglui Corina \u015fi Baciu Rosita au arestat \u015fi condamnat mii de victime cu rea credin\u0163\u0103 din jude\u0163ul V\u00e2lcea etc. pe band\u0103 rulant\u0103, tot ceea ce le-au adus b\u0103ie\u0163ii de\u015ftep\u0163i de la serviciul SIPI MAI V\u00e2lcea, mili\u0163ieni de la poli\u0163ia municipiului R\u00e2mnicu V\u00e2lcea, sec\u0163ii de mili\u0163ie etc.<\/p>\n<div id=\"yui_3_16_0_1_1456695780713_3613\">\u00a0 \u00a0\u00a0 Dragii no\u015ftri cititori, continu\u0103m \u00een aceast\u0103 edi\u0163ie cu cele mai mari dejec\u0163ii ale justi\u0163iei rom\u00e2ne care credem noi c\u0103-s bolnave psihic \u015fi le trebuie un tratament adecvat bolilor psihiatrice irecuperabile.<\/div>\n<div id=\"yui_3_16_0_1_1456695780713_3614\">\u00a0\u00a0 Jegul societ\u0103\u0163ii, dejec\u0163ie de mic copil, Vlad Valentin, \u0163igan handicapat mental \u015fi fizic, a eliberat sentin\u0163e pentru a fi intercepta\u0163i chipurile infractorii la solicit\u0103rile altor mizerii de procurori c\u0103 de la Parchetul Judec\u0103toriei Rm. V\u00e2lcea, c\u0103 de la Parchetul Tribunalului V\u00e2lcea, f\u0103r\u0103 a avea alte sentin\u0163e pentru a intercepta \u00een prima faz\u0103 de cercetare \u015fi de monitorizare, a folosit \u00een mii de dosare, \u00eenregistr\u0103ri efectuate la negru, de serviciul SIPI MAI V\u00e2lcea, a eliberat sentin\u0163e de arestare de 29 de zile la mii de victime din jud. V\u00e2lcea. Un mare grup de infractori de la SIPI Rm. V\u00e2lcea \u015fi procurori de la Parchetul Judec\u0103toriei Rm. V\u00e2lcea \u015fi de la Parchetul Tribunalului V\u00e2lcea au hot\u0103r\u00e2t \u00een tain\u0103 s\u0103 efectueze monitoriz\u0103ri de interceptat, de localizat, de pus camere \u015fi microfoane la victime, f\u0103r\u0103 a avea \u00een prim\u0103 faz\u0103 de cercetare sau de formare a dosarului sentin\u0163e de la<\/p>\n<figure id=\"attachment_3591\" aria-describedby=\"caption-attachment-3591\" style=\"width: 400px\" class=\"wp-caption alignright\"><img loading=\"lazy\" decoding=\"async\" class=\"size-medium wp-image-3591\" src=\"http:\/\/www.editiespecialapress.ro\/wp\/wp-content\/uploads\/2016\/02\/Sediul-infractorilor-procurorilor-comunisti-de-la-Parchetul-Judecatoriei-Rm.-Valcea-400x300.jpg\" alt=\"Sediul infractorilor procurorilor comunisti de la Parchetul Judecatoriei Rm. Valcea\" width=\"400\" height=\"300\" \/><figcaption id=\"caption-attachment-3591\" class=\"wp-caption-text\">Sediul infractorilor procurorilor comunisti de la Parchetul Judecatoriei Rm. Valcea<\/figcaption><\/figure>\n<p>judec\u0103tori. Jegurile de mili\u0163ieni \u015fi procurori abuzivi, dup\u0103 ce interceptau la negru c\u00e2t doreau, f\u0103ceau \u015fi un proces verbal de autosesizare, puneau \u015fi pun \u015fi la aceast\u0103 or\u0103 convorbiri telefonice f\u0103cute stenograme la dosare, \u00eencepeau arest\u0103rile victimelor, perchezi\u0163ii, sentin\u0163e de 29 de zile etc. Alte probe nu mai aveau la dosare \u015fi mai \u00eencercau s\u0103 foloseasc\u0103 \u015fantaje \u00eempotriva martorilor pe care \u00eei chemau \u015fi \u00eei audiau de la intercept\u0103rile abuzive. Care nu prea aveau leg\u0103tur\u0103 cu infrac\u0163iunile, \u00eei sunau \u015fi le spuneau c\u0103 sunt martori \u00eentr-un dosar s\u0103 vin\u0103 la audieri. Martorii se speriau, ne\u015ftiind ce s\u0103 declare. Ei \u00eei \u015fantajau cu intercept\u0103rile abuzive \u015fi \u00eencercau s\u0103 \u00eei fac\u0103 s\u0103 declare ce vor ei. Tupeu ca acesta de mili\u0163ieni \u015fi procurori comuni\u015fti nu s-a mai pomenit. Ei credeau c\u0103 nu sunt monitoriza\u0163i de&#8230; \u015fi nu \u015ftie nimeni ce fac ei cu procurorii \u015fi judec\u0103torul rrom, Vlad Valentin. A\u015fa au ajuns de au arestat \u015fi condamnat mii de victime \u00een c\u00e2\u0163iva ani. SIPI MAI nu au dreptul legal s\u0103 de\u0163in\u0103 aparatur\u0103 de interceptat sau de monitorizat calculatoare \u015fi SMS-urile din telefoane. Au distrus victime \u015fi familiile victimelor, le-au f\u0103cut prejudicii de zeci de mii, sute de mii de lei, din convorbirile telefonice abuzive. Aceea\u015fi tehnic\u0103 mizerabil\u0103 a practicat-o \u015fi judec\u0103toarea Baciu Rosita \u015fi \u0162uglui Corina. Cum mai pot tr\u0103i ace\u015fti nemernici c\u00e2nd \u015ftiu c\u00e2te victime au pe con\u015ftiin\u0163\u0103? Din verific\u0103rile noastre, unele victime s-au \u00eemboln\u0103vit grav \u015fi altele au decedat \u00een<\/p>\n<figure id=\"attachment_3592\" aria-describedby=\"caption-attachment-3592\" style=\"width: 400px\" class=\"wp-caption alignleft\"><img loading=\"lazy\" decoding=\"async\" class=\"size-medium wp-image-3592\" src=\"http:\/\/www.editiespecialapress.ro\/wp\/wp-content\/uploads\/2016\/02\/Sediul-infractorilor-SIPI-MAI-Rm.-V--lcea-400x236.jpg\" alt=\"Sediul infractorilor SIPI MAI Rm. V\u00e2lcea\" width=\"400\" height=\"236\" \/><figcaption id=\"caption-attachment-3592\" class=\"wp-caption-text\">Sediul infractorilor SIPI MAI Rm. V\u00e2lcea<\/figcaption><\/figure>\n<p>arest \u015fi ANP Coliba\u015fi etc. \u015ei procurorii din aceste complete de judecat\u0103, handicapatul mental \u015fi fizic, Petcu Dorin, de 1, 45 m, Amalia Voinea \u015fi Iuliana Ghi\u0163ulete, bolnave psihice, curve blestemate care vor face pu\u015fc\u0103rie la greu. \u015etiau ce exist\u0103 \u00een dosare &#8211; falsurile pe care le f\u0103ceau cei de la SIPI MAI V\u00e2lcea, \u00een schimb acuzau cu t\u0103rie victimele arestate \u00een mas\u0103\u00a0 \u015fi solicitau c\u00e2te 29 de zile arestarea victimelor. Vlad Valentin, \u0162uglui Corina \u015fi Baciu Rosita, bl\u00e2nzii p\u0103m\u00e2ntului de judec\u0103tori, cei mai mari infractori, dispuneau \u015fi dispun la cererea bolnavilor psihici de procurori de instan\u0163\u0103, c\u00e2te 29 de zile arestarea preventiv\u0103 \u015fi pe fiecare lun\u0103, prelungirea arest\u0103rii preventive, c\u00e2te 29 de zile. I-am studiat bine pe ace\u015fti bolnavi psihici, malefici \u00een robe, de ani de zile, nu s-au potolit nici la aceast\u0103 or\u0103. Au blat to\u0163i procurorii \u015fi judec\u0103torii men\u0163iona\u0163i \u00een acest articol la to\u0163i procurorii de la Parchetul<\/p>\n<figure id=\"attachment_3593\" aria-describedby=\"caption-attachment-3593\" style=\"width: 400px\" class=\"wp-caption alignright\"><img loading=\"lazy\" decoding=\"async\" class=\"size-medium wp-image-3593\" src=\"http:\/\/www.editiespecialapress.ro\/wp\/wp-content\/uploads\/2016\/02\/Baciu-Rosita-judec--tor-cea-mai-mare-abuziv---din-justi--ia-rom--n---400x218.jpg\" alt=\"Baciu Rosita, judec\u0103tor, cea mai mare abuziv\u0103 din justi\u0163ia rom\u00e2n\u0103\" width=\"400\" height=\"218\" \/><figcaption id=\"caption-attachment-3593\" class=\"wp-caption-text\">Baciu Rosita, judec\u0103tor, cea mai mare abuziv\u0103 din justi\u0163ia rom\u00e2n\u0103<\/figcaption><\/figure>\n<p>Cur\u0163ii de Apel Pite\u015fti, inclusiv la gay-ul general, Aldea Mihail. Chiar dac\u0103 victimele \u015fi familiile victimelor fac pl\u00e2ngeri penale, ei le claseaz\u0103 pe toate, victimele se \u00eemboln\u0103vesc grav \u015fi altele au decedat din cauza stresului, sup\u0103r\u0103rii, \u015ftrangul\u0103rilor cu sentin\u0163e abuzive, panic\u0103 din cauza intercept\u0103rilor f\u0103r\u0103 aprobarea judec\u0103torilor etc. Halal de robe \u00eempu\u0163ite pline de s\u00e2nge! Dup\u0103 toate falsurile de intercept\u0103ri, etc., unde victima declar\u0103 \u00een fa\u0163a robelor c\u0103 nu este vinovat\u0103, ei falsific\u0103 \u00eenregistr\u0103rile de la audieri, din s\u0103lile de \u015fedin\u0163\u0103, cu cei de la calculatoare, f\u0103c\u00e2ndu-le vocea prin a lua amprent\u0103 vocal\u0103 \u015fi, dup\u0103 aceea, robotizare electronic\u0103, cu \u00eentreb\u0103ri \u015fi r\u0103spunsuri at\u00e2t \u00een judec\u0103torii asasini, precum \u015fi ale victimelor. Directorului publica\u0163iei noastre i-a falsificat\u00a0 \u00eenregistrarea\u00a0 de la audiere \u015fi dup\u0103 aceea au falsificat \u015fi declara\u0163ia scris\u0103 la calculator de grefier\u0103, crez\u00e2nd c\u0103 ei le fac perfect s\u0103 se potriveasc\u0103 cu \u00eenregistr\u0103rile falsificate. E ca la b\u0103l\u0103ceanca la ace\u015fti mon\u015ftri \u00een robe. Din gheara<\/p>\n<figure id=\"attachment_3594\" aria-describedby=\"caption-attachment-3594\" style=\"width: 400px\" class=\"wp-caption alignleft\"><img loading=\"lazy\" decoding=\"async\" class=\"size-medium wp-image-3594\" src=\"http:\/\/www.editiespecialapress.ro\/wp\/wp-content\/uploads\/2016\/02\/Procuroarea-Amalia-Voinea-acuzatoare-criminal---non-stop---mpotriva-victimelor-bolnav---psihic-400x184.jpg\" alt=\"Procuroarea Amalia Voinea, acuzatoare criminal\u0103 non-stop \u00eempotriva victimelor, bolnav\u0103 psihic\" width=\"400\" height=\"184\" \/><figcaption id=\"caption-attachment-3594\" class=\"wp-caption-text\">Procuroarea Amalia Voinea, acuzatoare criminal\u0103 non-stop \u00eempotriva victimelor, bolnav\u0103 psihic<\/figcaption><\/figure>\n<p>noastr\u0103 nu pot sc\u0103pa f\u0103r\u0103 a executa zi la zi, peste 5 ani de pu\u015fc\u0103rie. Noi \u00eei \u015ftim pe to\u0163i care au decedat \u015fi pe care i-au \u00eemboln\u0103vit, dar l\u0103s\u0103m s\u0103 solicite procurorii de la Parchetul de pe l\u00e2ng\u0103 \u00ceCCJ.\u00a0 La arestul IPJ V\u00e2lcea \u015fi ANP Coliba\u015fi etc. sunt destui distru\u015fi \u015fi omor\u00e2\u0163i de ace\u015ftia. Ace\u015fti mon\u015ftri ai justi\u0163iei Rm. V\u00e2lcea se cred dumnezeii p\u0103m\u00e2ntului. Mamele voastre de asasini, ve\u0163i b\u0103ga pu\u015fc\u0103rie c\u00e2t Beril\u0103!<\/p>\n<\/div>\n<div>\u00a01. Solicit\u0103m cercetarea tuturor celor men\u0163iona\u0163i \u00een acest articol, precum \u015fi cercetarea tuturor celor de la serviciul SIPI MAI Rm. V\u00e2lcea, precum \u015fi a celor de la mili\u0163ia municipiului Rm. V\u00e2lcea \u015fi a celor de la sec\u0163iile de mili\u0163ie care au solicitat intercept\u0103ri la negru \u015fi au lucrat cu cei de la SIPI V\u00e2lcea.<\/p>\n<figure id=\"attachment_3595\" aria-describedby=\"caption-attachment-3595\" style=\"width: 400px\" class=\"wp-caption alignright\"><img loading=\"lazy\" decoding=\"async\" class=\"size-medium wp-image-3595\" src=\"http:\/\/www.editiespecialapress.ro\/wp\/wp-content\/uploads\/2016\/02\/Vlad-Valentin---igan-handicapat-mintal-care-comite-abuzuri-non-stop-la-locul-de-munc---400x272.jpg\" alt=\"Vlad Valentin, \u0163igan handicapat mintal care comite abuzuri non-stop la locul de munc\u0103\" width=\"400\" height=\"272\" \/><figcaption id=\"caption-attachment-3595\" class=\"wp-caption-text\">Vlad Valentin, \u0163igan handicapat mintal care comite abuzuri non-stop la locul de munc\u0103<\/figcaption><\/figure>\n<\/div>\n<div>\u00a02. Solicit\u0103m verificarea dosarelor la cei 3 judec\u0103tori: Baciu, \u0162uglui \u015fi Vlad, din urm\u0103 cu 5 ani, pentru a se stabili abuzurile etc. comise cu cei de la SIPI etc.<\/p>\n<\/div>\n<div>\u00a03. Solicit\u0103m expertizarea tuturor \u00eenregistr\u0103rilor din s\u0103lile de \u015fedin\u0163\u0103 a inculpa\u0163ilor pentru a se stabili cu exactitate falsificarea at\u00e2t a \u00eenregistr\u0103rilor, precum \u015fi a declara\u0163iilor scrise la calculator dup\u0103 \u00eenregistr\u0103rile falsificate.<\/p>\n<\/div>\n<div>\u00a04. Solicit\u0103m monitorizarea la to\u0163i cei implica\u0163i.<\/p>\n<\/div>\n<div>5 .Solicit\u0103m verificarea convorbirilor telefonice.<\/p>\n<\/div>\n<div>6. Solicit\u0103m autosesizare din partea procurorului general al Parchetului de pe l\u00e2ng\u0103 \u00ceCCJ.<\/p>\n<\/div>\n<div id=\"yui_3_16_0_1_1456695780713_3627\" style=\"text-align: right;\"><strong>Articol de<\/strong><\/div>\n<div style=\"text-align: right;\"><strong>C\u0103t\u0103lin Dumitrescu<\/strong><\/div>\n","protected":false},"excerpt":{"rendered":"<p>Judec\u0103torii: Vlad Valentin, \u0162uglui Corina \u015fi Baciu Rosita au arestat \u015fi condamnat mii de victime cu rea credin\u0163\u0103 din jude\u0163ul V\u00e2lcea etc. pe band\u0103 rulant\u0103, tot ceea ce le-au adus b\u0103ie\u0163ii de\u015ftep\u0163i de la serviciul SIPI MAI V\u00e2lcea, mili\u0163ieni de la poli\u0163ia municipiului R\u00e2mnicu V\u00e2lcea, sec\u0163ii de mili\u0163ie etc. \u00a0 \u00a0\u00a0 Dragii no\u015ftri cititori, continu\u0103m [&hellip;]<\/p>\n","protected":false},"author":2,"featured_media":3589,"comment_status":"closed","ping_status":"open","sticky":false,"template":"","format":"standard","meta":{"footnotes":""},"categories":[2],"tags":[234,76,235,236,78,237],"class_list":{"0":"post-3588","1":"post","2":"type-post","3":"status-publish","4":"format-standard","5":"has-post-thumbnail","7":"category-ancheta","8":"tag-amalia-voinea","9":"tag-baciu-rosita-elisabeta","10":"tag-ipj-ramnicu-valcea","11":"tag-parchetul-valcea","12":"tag-tribunal-valcea","13":"tag-vlad-valentin"},"_links":{"self":[{"href":"https:\/\/www.editiespecialapress.ro\/newtest\/wp-json\/wp\/v2\/posts\/3588","targetHints":{"allow":["GET"]}}],"collection":[{"href":"https:\/\/www.editiespecialapress.ro\/newtest\/wp-json\/wp\/v2\/posts"}],"about":[{"href":"https:\/\/www.editiespecialapress.ro\/newtest\/wp-json\/wp\/v2\/types\/post"}],"author":[{"embeddable":true,"href":"https:\/\/www.editiespecialapress.ro\/newtest\/wp-json\/wp\/v2\/users\/2"}],"replies":[{"embeddable":true,"href":"https:\/\/www.editiespecialapress.ro\/newtest\/wp-json\/wp\/v2\/comments?post=3588"}],"version-history":[{"count":0,"href":"https:\/\/www.editiespecialapress.ro\/newtest\/wp-json\/wp\/v2\/posts\/3588\/revisions"}],"wp:featuredmedia":[{"embeddable":true,"href":"https:\/\/www.editiespecialapress.ro\/newtest\/wp-json\/"}],"wp:attachment":[{"href":"https:\/\/www.editiespecialapress.ro\/newtest\/wp-json\/wp\/v2\/media?parent=3588"}],"wp:term":[{"taxonomy":"category","embeddable":true,"href":"https:\/\/www.editiespecialapress.ro\/newtest\/wp-json\/wp\/v2\/categories?post=3588"},{"taxonomy":"post_tag","embeddable":true,"href":"https:\/\/www.editiespecialapress.ro\/newtest\/wp-json\/wp\/v2\/tags?post=3588"}],"curies":[{"name":"wp","href":"https:\/\/api.w.org\/{rel}","templated":true}]}}