{"id":3602,"date":"2016-03-06T23:32:13","date_gmt":"2016-03-06T21:32:13","guid":{"rendered":"http:\/\/www.editiespecialapress.ro\/?p=3602"},"modified":"2016-03-06T23:32:13","modified_gmt":"2016-03-06T21:32:13","slug":"procuratorul-militar-truica-paul-de-la-parchetul-curtii-militare-bucuresti-dotore-plagiator-a-favorizat-mii-de-infractori-jandarmi-procurori-militari-judecatori-militari-militieni-etc-pentru-m","status":"publish","type":"post","link":"https:\/\/www.editiespecialapress.ro\/newtest\/2016\/03\/06\/procuratorul-militar-truica-paul-de-la-parchetul-curtii-militare-bucuresti-dotore-plagiator-a-favorizat-mii-de-infractori-jandarmi-procurori-militari-judecatori-militari-militieni-etc-pentru-m\/","title":{"rendered":"Procuratorul militar, Truic\u0103 Paul, de la Parchetul Cur\u0163ii Militare Bucure\u015fti, dotore plagiator a favorizat mii de infractori, jandarmi, procurori militari, judec\u0103tori militari, mili\u0163ieni etc. pentru mii, zeci de mii de euro la dosar, \u00eensu\u015findu-\u015fi alte bunuri necuvenite, d\u00e2ndu-le clas\u0103ri \u015fi NUP-uri infractorilor foarte periculo\u015fi, l\u0103s\u00e2ndu-i s\u0103-\u015fi continue abuzurile contra cet\u0103\u0163enilor Rom\u00e2niei"},"content":{"rendered":"<figure id=\"attachment_3612\" aria-describedby=\"caption-attachment-3612\" style=\"width: 400px\" class=\"wp-caption alignright\"><img loading=\"lazy\" decoding=\"async\" class=\"size-medium wp-image-3612\" src=\"http:\/\/www.editiespecialapress.ro\/wp\/wp-content\/uploads\/2016\/03\/colonel-Misu-Cruceana-tortionar-IPJ-Arges-400x286.jpg\" alt=\"colonel Misu Cruceana - tortionar IPJ Arges\" width=\"400\" height=\"286\" \/><figcaption id=\"caption-attachment-3612\" class=\"wp-caption-text\">colonel Misu Cruceana &#8211; tortionar IPJ Arges<\/figcaption><\/figure>\n<figure id=\"attachment_3613\" aria-describedby=\"caption-attachment-3613\" style=\"width: 400px\" class=\"wp-caption alignright\"><img loading=\"lazy\" decoding=\"async\" class=\"size-medium wp-image-3613\" src=\"http:\/\/www.editiespecialapress.ro\/wp\/wp-content\/uploads\/2016\/03\/colonel-Misu-Cruceana-tortionar-Militia-Arpechim-Pitesti-400x300.jpg\" alt=\"colonel Misu Cruceana - tortionar Militia Arpechim Pitesti\" width=\"400\" height=\"300\" \/><figcaption id=\"caption-attachment-3613\" class=\"wp-caption-text\">colonel Misu Cruceana &#8211; tortionar Militia Arpechim Pitesti<\/figcaption><\/figure>\n<p>Rromul din cartierul Prundu, Pite\u015fti, colonel procurator, Truic\u0103 Paul, \u015fi-a b\u0103tut joc de mii de victime din Rom\u00e2nia \u00een ultimii 10 ani \u015fi p\u00e2n\u0103 atunci prin a-i umili cu comportamentul lui abuziv, malefic, pervers, diversionist, \u00eencas\u00e2nd de la infractorii subofi\u0163eri, ofi\u0163eri, militari, mili\u0163ieni, procurori militari, judec\u0103tori militari sume de mii, zeci de mii de euro la fiecare dosar.<\/p>\n<div id=\"yui_3_16_0_1_1457298884548_4159\">\u00a0\u00a0\u00a0\u00a0 Dragii no\u015ftri cititori, continu\u0103m \u00een aceast\u0103 edi\u0163ie cu cel mai mare jeg \u0163igan din cartierul Prundu, Pite\u015fti, infractor \u00een uniform\u0103 cu grad de colonel, procurator militar corupt total, pervers c\u00e2nd audiaz\u0103 victime, abuziv \u00een timpul audierilor, diversionist \u015fi escroc conving\u0103tor la victime de a-\u015fi retrage pl\u00e2ngerile penale pentru a-\u015fi \u00eensu\u015fi mii, zeci de mii de euro de la infractorii cerceta\u0163i.<\/div>\n<div id=\"yui_3_16_0_1_1457298884548_3050\">\n<p>\u00a0\u00a0\u00a0 V\u0103 facem o prezentare la tot ceea ce a comis acest \u0163igan de procuror militar de la prima zi de angajare la Parchetul Tribunalului Militar Teritorial Bucure\u015fti \u015fi \u00een prezent, procurator la Curtea Militar\u0103 Bucure\u015fti.<\/p>\n<figure id=\"attachment_3605\" aria-describedby=\"caption-attachment-3605\" style=\"width: 320px\" class=\"wp-caption alignright\"><img loading=\"lazy\" decoding=\"async\" class=\"size-full wp-image-3605\" src=\"http:\/\/www.editiespecialapress.ro\/wp\/wp-content\/uploads\/2016\/03\/Exemplu-de-rezervor---n-care-a-fost---necat---victima-asasinului-Crucean---Mihai.jpg\" alt=\"Exemplu de rezervor \u00een care a fost \u00eenecat\u0103 victima asasinului Crucean\u0103 Mihai\" width=\"320\" height=\"214\" \/><figcaption id=\"caption-attachment-3605\" class=\"wp-caption-text\">Exemplu de rezervor \u00een care a fost \u00eenecat\u0103 victima asasinului Crucean\u0103 Mihai<\/figcaption><\/figure>\n<p>Acest \u0163igan ordinar a nenorocit mii de victime de la prima zi de angajare \u00een procuratura militar\u0103 Bucure\u015fti, prin a-\u015fi bate joc de victime la audieri, pun\u00e2ndu-i s\u0103 se \u00eempace cu infractorii, chiar dac\u0103 legea nu o permite, \u0163ipa \u015fi \u0163ip\u0103 \u015fi la aceast\u0103 or\u0103 c\u00e2nd sun\u0103 victimele pentru a le chema la audieri, el amenin\u0163\u0103 telefonic \u00een fel \u015fi chip, \u00ee\u015fi bate joc de ele c\u0103 tot \u015fi-or retrage pl\u00e2ngerile f\u0103cute \u00eempotriva infractorilor periculo\u015fi. Aceast\u0103 scursur\u0103 a societ\u0103\u0163ii de \u0163igan procurator trateaz\u0103 cu \u015fefii de la UM sau chiar direct cu subofi\u0163erii \u015fi ofi\u0163erii de la jandarmerie sau de la diferite Parchete Militare din \u0163ar\u0103 \u015fi judec\u0103tori de la tribunalele militare din \u0163ar\u0103 pe to\u0163i care \u00eei cerceteaz\u0103. Le promite clas\u0103ri \u015fi NUP-uri \u00een dosare, \u015ftie el ce are de f\u0103cut la victime, \u0163ip\u0103, le amenin\u0163\u0103, \u00ee\u015fi bat joc de ele ca la u\u015fa cortului lui de acas\u0103, c\u0103 doar cioar\u0103 e! Victimele care nu cedeaz\u0103 s\u0103-\u015fi retrag\u0103 pl\u00e2ngerile, le amenin\u0163\u0103 c\u0103 vor face infractorii pl\u00e2ngeri pentru denun\u0163 calomnios, dar el fiind un \u0163igan incon\u015ftient nu realizeaz\u0103 c\u0103 victimele au martori, film\u0103ri, \u00eenregistr\u0103ri etc. \u00eempotriva infractorilor. C\u00e2nd audiaz\u0103 victimele,\u00a0 cheam\u0103 \u015fi infractorii \u00een acela\u015fi timp spun\u00e2nd<\/p>\n<figure id=\"attachment_3606\" aria-describedby=\"caption-attachment-3606\" style=\"width: 400px\" class=\"wp-caption alignleft\"><img loading=\"lazy\" decoding=\"async\" class=\"size-medium wp-image-3606\" src=\"http:\/\/www.editiespecialapress.ro\/wp\/wp-content\/uploads\/2016\/03\/IPJ-Arge---sediul-infractorului-Misu-Cruceana-si-al-celorlalti-militieni-care-omorau-oameni-in-bataie-400x250.jpg\" alt=\"IPJ Arge\u015f sediul infractorului Misu Cruceana si al celorlalti militieni care omorau oameni in bataie\" width=\"400\" height=\"250\" \/><figcaption id=\"caption-attachment-3606\" class=\"wp-caption-text\">IPJ Arge\u015f sediul infractorului Misu Cruceana si al celorlalti militieni care omorau oameni in bataie<\/figcaption><\/figure>\n<p>\u015fmechere\u015fte c\u0103 el trebuie s\u0103 afle de la to\u0163i ce s-a \u00eent\u00e2mplat, \u0163ine cu infractorii indirect, \u00ee\u015fi bate joc de victime \u00een fa\u0163a infractorilor, spun\u00e2nd c\u0103 sunt reclamangii, o s\u0103-i bat\u0103 jandarmii etc.\u00a0 \u00centr-un cuv\u00e2nt le d\u0103 dezlegare \u00een direct la infractori s\u0103 bat\u0103 victime. Le spune la victime c\u0103 &#8221; ce face\u0163i \u00een continuare? O s\u0103 face\u0163i pl\u00e2ngeri \u00eempotriva rezolu\u0163iilor mele, dar o s\u0103 v\u0103 resping\u0103 generalul Cur\u0163ii Militare \u015fi Curtea Militar\u0103. Pe mine m\u0103 cunosc to\u0163i, ce dau eu a\u015fa r\u0103m\u00e2ne ve\u015fnic.&#8221; \u0162iganul ordinar, Truic\u0103 Paul, le mai spune victimelor c\u0103 &#8222;o s\u0103 ne da\u0163i la CEDO, ve\u0163i c\u00e2\u015ftiga, dar noi nu o s\u0103 pl\u0103tim niciodat\u0103, o s\u0103 v\u0103 pl\u0103teasc\u0103 statul banii pe care vi-i aprob\u0103 CEDO.&#8221; Parchetul Tribunalului Militar Teritorial Bucure\u015fti a fost f\u0103cut de rahat pe c\u00e2nd lucra cioara Truic\u0103 Paul \u015fi \u00een continuare face de rahat Parchetul Cur\u0163ii Militare. Directorul publica\u0163iei noastre, Iulian Ratea, \u00eel<\/p>\n<figure id=\"attachment_3607\" aria-describedby=\"caption-attachment-3607\" style=\"width: 250px\" class=\"wp-caption alignright\"><img loading=\"lazy\" decoding=\"async\" class=\"size-full wp-image-3607\" src=\"http:\/\/www.editiespecialapress.ro\/wp\/wp-content\/uploads\/2016\/03\/Parchetul-Militar-de-pe-l--ng---Curtea-de-Apel-Bucure--ti-sediul-infractorului-Truica-Paul.jpg\" alt=\"Parchetul Militar de pe l\u00e2ng\u0103 Curtea de Apel Bucure\u015fti sediul infractorului Truica Paul\" width=\"250\" height=\"190\" \/><figcaption id=\"caption-attachment-3607\" class=\"wp-caption-text\">Parchetul Militar de pe l\u00e2ng\u0103 Curtea de Apel Bucure\u015fti sediul infractorului Truica Paul<\/figcaption><\/figure>\n<p>cunoa\u015fte pe acest \u0163igan, Truic\u0103, \u00eenc\u0103 de prin 1996, pe c\u00e2nd era procurator la Parchetul Tribunalului Militar Teritorial Bucre\u015fti. El avea pe atunci treab\u0103 cu to\u0163i mili\u0163ienii tor\u0163ionari din Arge\u015f, etc.\u00a0 care omorau victime \u00een arest \u015fi \u00een ANP Coliba\u015fi \u015fi ANP Jilava. Truic\u0103 pe atunci f\u0103cea blaturi cu tor\u0163ionarii mili\u0163iei, le lua \u015fp\u0103gile, \u00eei sc\u0103pa de crime, nenorocitul, cu al\u0163i colegi de-ai lui. La c\u00e2te dosare le-a f\u0103cut directorul publica\u0163iei, Iulian Ratea, el a dat clas\u0103ri \u015fi NUP-uri, victimele au murit \u00een arest ANP Coliba\u015fi \u015fi Jilava Bucure\u015fti. Se pupa \u00een fund tot timpul \u0163iganul cu \u015fefii de cercet\u0103ri penale ai IPJ Arge\u015f etc. \u015fi cu al\u0163i mili\u0163ieni din cadrul IPJ Arge\u015f etc. \u015ei-a format clien\u0163i mili\u0163ieni mii pentru a-i da \u015fp\u0103gile de fiecare dat\u0103 c\u00e2nd aveau probleme. Fostul \u015fef de cercet\u0103ri al IPJ Arge\u015f, Cruceanu Mihai, a omor\u00e2t victime b\u0103t\u00e2ndu-i \u00een arest, schilod\u00e2ndu-i, rup\u00e2ndu-le opera\u0163iile de ulcer prin \u00eempingerea cu parul \u00een stomac. Acel criminal, Cruceanu Mihai,a mai omor\u00e2t \u00een arestul Constan\u0163a o victim\u0103 \u00een b\u0103taie &#8211; nu a p\u0103\u0163it nimic. Pe c\u00e2nd era \u015feful mili\u0163iei la Arpechim Pite\u015fti, \u00eentr-o noapte c\u00e2nd f\u0103cea p\u00e2nd\u0103 cu al\u0163i mili\u0163ieni la rezervoarele cu benzin\u0103, a v\u0103zut un muncitorc\u0103 se urca pe sc\u0103ri \u00een sus, pe rezervorul foarte mare de mii de tone, la un moment dat s-a urcat \u015fi el cu mili\u0163ienii lui dup\u0103 muncitor, sus pe rezervor, la care acolo era un capac foarte mare pe combustibil la care avea \u015fi o distan\u0163\u0103 \u00eentre capac \u015fi marginile rezervorului de aprox. 60 cm. Criminalul Crucean\u0103 Mihai, zis Mi\u015fu, \u00eel \u00eentreab\u0103 pe muncitor: &#8222;Ce faci aici la ora aceasta t\u00e2rzie?&#8221;. Muncitorul i-a spus c\u0103 a venit s\u0103 ia \u015fi el o g\u0103leat\u0103 de benzin\u0103 pentru a se cur\u0103\u0163a cu colegii de vopseaua de pe salopete. Era pe la 1-2 noaptea. Atunci<\/p>\n<figure id=\"attachment_3608\" aria-describedby=\"caption-attachment-3608\" style=\"width: 400px\" class=\"wp-caption alignleft\"><img loading=\"lazy\" decoding=\"async\" class=\"size-medium wp-image-3608\" src=\"http:\/\/www.editiespecialapress.ro\/wp\/wp-content\/uploads\/2016\/03\/Parchetul-Tribunalului-Militar-Bucure--ti-sediul-lui-Truica-si-altor-infractori-400x250.jpg\" alt=\"Parchetul Tribunalului Militar Bucure\u015fti sediul lui Truica si altor infractori\" width=\"400\" height=\"250\" \/><figcaption id=\"caption-attachment-3608\" class=\"wp-caption-text\">Parchetul Tribunalului Militar Bucure\u015fti sediul lui Truica si altor infractori<\/figcaption><\/figure>\n<p>Mi\u015fu Crucean\u0103 le-a zis la mili\u0163ieni: \u0103sta e la furat de benzin\u0103, ne minte c\u0103 spal\u0103 salopetele cu benzin\u0103. Acolo mai erau pe rezervor piti\u0163i ni\u015fte ho\u0163i de benzin\u0103 care ne-au povestit cum s-a \u00eent\u00e2mplat. Dac\u0103 \u00eei vedea criminalul Mi\u015fu Crucean\u0103, \u00eei arunca \u015fi pe ei \u00een bazinul de mii de tone cu benzin\u0103. Mi\u015fu a zis la un moment dat: &#8222;b\u0103 tu nu recuno\u015fti c\u0103 ai venit la furat? Te ia mama dracu, te arunc \u00een bazin!&#8221;. Muncitorul i-a zis:&#8221; L\u0103sa\u0163i-m\u0103 domne \u00een pace s\u0103 m\u0103 duc la sec\u0163ia unde lucrez.&#8221; Mi\u015fu Crucean\u0103, bolnav psihic, care mai omor\u00e2se \u015fi alte victime, la \u00eempins \u00een por\u0163iunea de 60 de cm. dintre capac \u015fi rezervor, la care s-a \u00eenecat \u00een benzin\u0103 \u015fi a murit. Acum ho\u0163ii de benzin\u0103, c\u00e2nd au v\u0103zut c\u0103 \u0163ip\u0103 victima, striga dup\u0103 ajutor \u015fi c\u0103-l arde benzina pe cap \u015fi pe fa\u0163\u0103, se \u0163inea de marginea capacului s\u0103racul de el \u015fi nu putea s\u0103 ias\u0103. Mi\u015fu nu a vrut s\u0103 plece p\u00e2n\u0103 nu a murit victima. Mili\u0163ienii care erau cu el, vreo 7, erau \u00eenarma\u0163i, \u00eei spuneau lui Mi\u015fu: &#8222;L\u0103sa\u0163i-l c\u0103 moare! Hai s\u0103 plec\u0103m repede!&#8221; iar Mi\u015fu, comunist de mili\u0163ian zicea &#8221; nu plec\u00a0 p\u00e2n\u0103 nu-l v\u0103d \u00eenecat \u015fi chema\u0163i salvarea, le spune\u0163i c\u0103 a c\u0103zut \u00een rezervor.&#8221; V-am ar\u0103tat ce f\u0103ceau \u00een acela\u015fi timp to\u0163i. Acum ho\u0163ii tremurau de fric\u0103 c\u00e2nd au v\u0103zut ceea ce s-a \u00eent\u00e2mplat, cum au plecat mili\u0163ienii dup\u0103 rezervor, au cobor\u00e2t \u015fi ei \u015fi au fugit c\u00e2t au putut. De la distan\u0163\u0103 se auzea sirena salv\u0103rii, au povestit ho\u0163ii, \u015fi dup\u0103 aceea l-au scos pe mort din rezervor duc\u00e2ndu-l la autopsie la medicin\u0103 legal\u0103 Pite\u015fti. Nu s-a \u015ftiut de aceast\u0103 crim\u0103 ascuns\u0103 de mili\u0163ieni \u015fi asasinul Crucean\u0103 p\u00e2n\u0103 \u00een urm\u0103 cu c\u00e2\u0163iva ani.<\/p>\n<\/div>\n<div>\n<p>&nbsp;<\/p>\n<figure id=\"attachment_3604\" aria-describedby=\"caption-attachment-3604\" style=\"width: 400px\" class=\"wp-caption alignright\"><img loading=\"lazy\" decoding=\"async\" class=\"size-medium wp-image-3604\" src=\"http:\/\/www.editiespecialapress.ro\/wp\/wp-content\/uploads\/2016\/03\/Arpechim-Pite--ti-distrus-de-comunistii-politruci-400x250.jpg\" alt=\"Arpechim Pite\u015fti distrus de comunistii politruci\" width=\"400\" height=\"250\" \/><figcaption id=\"caption-attachment-3604\" class=\"wp-caption-text\">Arpechim Pite\u015fti distrus de comunistii politruci<\/figcaption><\/figure>\n<p>Truic\u0103 Paul \u015fi colegii lui procuratorii n-au cercetat de niciun fel, l-au crezut pe Mi\u015fu \u015fi colegii lui. A\u015fa c\u0103 stau la pensie mili\u0163ienii asasini f\u0103r\u0103 fric\u0103. C\u00e2\u0163i a b\u0103tut \u00een arest Mi\u015fu Crucean\u0103 \u015fi au murit prin ANP Coliba\u015fi \u015fi ANP Jilava \u015ftim doar noi! Truic\u0103, cioar\u0103 gulerat\u0103, l-a sc\u0103pat cu colegii lui de fiecare dat\u0103. La mili\u0163ia Constan\u0163a, pe c\u00e2nd era ofi\u0163er de cercet\u0103ri Mi\u015fu Crucean\u0103, vai mama lor de victime, \u00eei rupea \u00een b\u0103taie cu parul \u015fi cu ranga pe timp de noapte. C\u00e2nd a venit la Pite\u015fti l-au pus \u015feful mili\u0163iei la Arpechim Pite\u015fti. Acolo \u00ee\u015fi preg\u0103tise un fel de rotisor, o bar\u0103 de fier, care nu-i recuno\u015fteau furturile de\u00a0 benzin\u0103 \u015fi alcool \u00eei punea pe rotisor, \u00eei lega \u015fi \u00eei b\u0103tea p\u00e2n\u0103 le rupea coastele, picioarele \u015fi capetele sparte. Am v\u0103zut ologi\u0163i de el sute de victime din anul 1993-1998. Asasinul Mi\u015fu Crucean\u0103 e la pensie, doarme lini\u015ftit, Truic\u0103 cioara ordinar\u0103 \u015fi colegii lui l-au sc\u0103pat de mii de dosare grave. St\u0103tea Mi\u015fu Crucean\u0103 cu Truic\u0103 \u015fi al\u0163i colegi de-ai lui la<\/p>\n<figure id=\"attachment_3609\" aria-describedby=\"caption-attachment-3609\" style=\"width: 400px\" class=\"wp-caption alignleft\"><img loading=\"lazy\" decoding=\"async\" class=\"size-medium wp-image-3609\" src=\"http:\/\/www.editiespecialapress.ro\/wp\/wp-content\/uploads\/2016\/03\/Tribunalul-Militar-Teritorial-Bucure--ti-unde-a-comis-Truica-infractiuni-grave-de-favorizare-si-Curtea-Militara-la-etaj-400x300.jpg\" alt=\"Tribunalul Militar Teritorial Bucure\u015fti, unde a comis Truica infractiuni grave de favorizare si Curtea Militara la etaj\" width=\"400\" height=\"300\" \/><figcaption id=\"caption-attachment-3609\" class=\"wp-caption-text\">Tribunalul Militar Teritorial Bucure\u015fti, unde a comis Truica infractiuni grave de favorizare si Curtea Militara la etaj<\/figcaption><\/figure>\n<p>b\u0103utur\u0103 la diferite restaurante.\u00a0 Truic\u0103 a b\u0103ut \u0163uic\u0103 \u015fi whisky la greu de la Mi\u015fu Crucean\u0103, dar \u015fi bani mul\u0163i i-a dat Mi\u015fu pentru a-i clasa dosarele mii. Asta e procuratura militar\u0103, nu mai cu jigodii ca Truic\u0103 comunistul. La aceast\u0103 or\u0103 Truic\u0103 nu are emo\u0163ii de monitoriz\u0103ri din partea&#8230; El aranjeaz\u0103 cu to\u0163i cei cerceta\u0163i, le ofer\u0103 favoruri de clasare \u015fi NUP-uri \u00een schimbul unor sume frumoase, plec\u00e2nd de la o mie la 10.000 euro la fiecare dosar. L-a anun\u0163at dir. Ratea c\u0103 vor fi aresta\u0163i \u00een 2-3 ani to\u0163i din Parchetul Tribunalului Militar Teritorial Bucure\u015fti \u015fi unii procurori de la Curtea Militar\u0103. El a luat-o \u00een glum\u0103, dar o s-o ia \u00een gur\u0103 de tot. Ce are \u0103sta convorbiri telefonice cu amenin\u0163\u0103ri, fie la victime, fie la infractori p\u00e2n\u0103 \u00eei descarc\u0103. Are o tehnic\u0103 comunist\u0103 la infractori, \u00eei amenin\u0163\u0103 c\u00e2nd \u00eei sun\u0103, dup\u0103 aceea intervin or \u015fefii lor, or se \u00een\u0163eleg to\u0163i cu el \u015fi \u00eei dau \u015fp\u0103gu\u0163a; facem referire la jandarmi. Dac\u0103 a\u0163i vedea cum vorbe\u015fte la telefon sau c\u00e2nd audiaz\u0103, fie victime, fie infractori, \u00ee\u0163i faci cruce, zici c\u0103 e de la B\u0103l\u0103ceanca. Se-nfinge tare \u00een infractori \u00een prima faz\u0103, dup\u0103 aceea \u00eei las\u0103 moale. Le-a promis \u015fi \u00een fa\u0163a directorului Ratea la unii jandarmi c\u0103 pot pleca lini\u015fti\u0163i acas\u0103, nu se va \u00eent\u00e2mpla nimic cu ei, are el grij\u0103 de lucrare. Nesim\u0163itului nu i-a fost ru\u015fine nici de pres\u0103 etc. C\u00e2nd l-a auzit dir. Ratea l-a apucat r\u00e2sul, \u00eel \u015ftia de peste 20 de ani ce poam\u0103 e, dar acum \u00eei va fi sf\u00e2r\u015fitul la pu\u015fc\u0103rie. La pu\u015fc\u0103rie cu el!\u00a0 Pe procurorii \u015fi\u00a0 judec\u0103torii militari \u00eei perie c\u00e2nd \u00eei cerceteaz\u0103, se d\u0103 pe l\u00e2ng\u0103 ei p\u00e2n\u0103 \u00eei \u00eentinde \u015fp\u0103gu\u0163a ca s\u0103 fie \u015fi el mul\u0163umit, d\u0103 clas\u0103ri \u015fi NUP-uri la to\u0163i pe care \u00eei cerceteaz\u0103. El nu are nicio \u00eencepere a urm\u0103ririi penale de la prima lui zi de angajare \u00een procuratura militar\u0103. La el e o afacere serviciul de procurator.<\/p>\n<\/div>\n<div>\n<p>1. Solicit\u0103m s\u0103 se verifice toate convorbirile telefonice ale lui Truic\u0103 Paul de la cele 4 telefoane pe care le poart\u0103 cu el tot timpul.<\/p>\n<\/div>\n<div>\n<p>2. Solicit\u0103m s\u0103 li se verifice toate convorbirile telefonice, at\u00e2t la toate victimele, precum \u015fi tuturor celor cerceta\u0163i.<\/p>\n<\/div>\n<div>\n<p>3. Solicit\u0103m verificarea tuturor dosarelor pe care le-a instrumentat Truic\u0103 cu clas\u0103ri \u015fi NUP-uri pe euro mul\u0163i.<\/p>\n<\/div>\n<div>\n<p>4. Solicit\u0103m s\u0103 i se verifice conturile at\u00e2t lui, c\u00e2t \u015fi familiei, precum \u015fi neamului lui care de\u0163ine case, apartamente, jeep-uri luate din \u015fp\u0103gile lui Truic\u0103.<\/p>\n<\/div>\n<div>\n<p>5. Solicit\u0103m monitorizarea lui non-stop.<\/p>\n<\/div>\n<div id=\"yui_3_16_0_1_1457298884548_4198\">\n<p>6. Solicit\u0103m autosesizare sau sesizarea din oficiu a procurorului general al DNA Militar Bucure\u015fti.<\/p>\n<\/div>\n<div id=\"yui_3_16_0_1_1457298884548_4197\">Articol de Mitroi Cornel<\/div>\n","protected":false},"excerpt":{"rendered":"<p>Rromul din cartierul Prundu, Pite\u015fti, colonel procurator, Truic\u0103 Paul, \u015fi-a b\u0103tut joc de mii de victime din Rom\u00e2nia \u00een ultimii 10 ani \u015fi p\u00e2n\u0103 atunci prin a-i umili cu comportamentul lui abuziv, malefic, pervers, diversionist, \u00eencas\u00e2nd de la infractorii subofi\u0163eri, ofi\u0163eri, militari, mili\u0163ieni, procurori militari, judec\u0103tori militari sume de mii, zeci de mii de euro [&hellip;]<\/p>\n","protected":false},"author":2,"featured_media":3603,"comment_status":"closed","ping_status":"open","sticky":false,"template":"","format":"standard","meta":{"footnotes":""},"categories":[2],"tags":[75,238,239,240,241,173,242],"class_list":{"0":"post-3602","1":"post","2":"type-post","3":"status-publish","4":"format-standard","5":"has-post-thumbnail","7":"category-ancheta","8":"tag-arpechim-pitesti","9":"tag-cruceanu-mihai","10":"tag-curtea-de-apel-bucuresti","11":"tag-curtea-militara-bucuresti","12":"tag-ipj-arges","13":"tag-parchetul-tribunalului-militar-bucuresti","14":"tag-tribunalul-militar-bucuresti"},"_links":{"self":[{"href":"https:\/\/www.editiespecialapress.ro\/newtest\/wp-json\/wp\/v2\/posts\/3602","targetHints":{"allow":["GET"]}}],"collection":[{"href":"https:\/\/www.editiespecialapress.ro\/newtest\/wp-json\/wp\/v2\/posts"}],"about":[{"href":"https:\/\/www.editiespecialapress.ro\/newtest\/wp-json\/wp\/v2\/types\/post"}],"author":[{"embeddable":true,"href":"https:\/\/www.editiespecialapress.ro\/newtest\/wp-json\/wp\/v2\/users\/2"}],"replies":[{"embeddable":true,"href":"https:\/\/www.editiespecialapress.ro\/newtest\/wp-json\/wp\/v2\/comments?post=3602"}],"version-history":[{"count":0,"href":"https:\/\/www.editiespecialapress.ro\/newtest\/wp-json\/wp\/v2\/posts\/3602\/revisions"}],"wp:featuredmedia":[{"embeddable":true,"href":"https:\/\/www.editiespecialapress.ro\/newtest\/wp-json\/"}],"wp:attachment":[{"href":"https:\/\/www.editiespecialapress.ro\/newtest\/wp-json\/wp\/v2\/media?parent=3602"}],"wp:term":[{"taxonomy":"category","embeddable":true,"href":"https:\/\/www.editiespecialapress.ro\/newtest\/wp-json\/wp\/v2\/categories?post=3602"},{"taxonomy":"post_tag","embeddable":true,"href":"https:\/\/www.editiespecialapress.ro\/newtest\/wp-json\/wp\/v2\/tags?post=3602"}],"curies":[{"name":"wp","href":"https:\/\/api.w.org\/{rel}","templated":true}]}}