{"id":3643,"date":"2016-02-29T15:15:00","date_gmt":"2016-02-29T13:15:00","guid":{"rendered":"http:\/\/www.editiespecialapress.ro\/?p=3643"},"modified":"2016-02-29T15:15:00","modified_gmt":"2016-02-29T13:15:00","slug":"urare-1-martie-albestii-de-arges","status":"publish","type":"post","link":"https:\/\/www.editiespecialapress.ro\/newtest\/2016\/02\/29\/urare-1-martie-albestii-de-arges\/","title":{"rendered":"Urare 1 Martie &#8211; Albe\u015ftii de Arge\u015f"},"content":{"rendered":"<p>Via\u0163a, lumina, c\u0103ldura&#8230; parfumul de fericire este esen\u0163a prim\u0103verii, iar m\u0103r\u0163isorul simbolul ei. V\u0103 dorim ca razele soarelui somnoros s\u0103 v\u0103 deschid\u0103 petalele sufletului asemeni ghiocelului odat\u0103 cu sosirea prim\u0103verii. Prim\u0103ria Albe\u015ftii de Arge\u015f, primar Sava Vasile \u00eempreun\u0103 cu to\u0163i angaja\u0163ii prim\u0103riei<\/p>\n","protected":false},"excerpt":{"rendered":"<p>Via\u0163a, lumina, c\u0103ldura&#8230; parfumul de fericire este esen\u0163a prim\u0103verii, iar m\u0103r\u0163isorul simbolul ei. V\u0103 dorim ca razele soarelui somnoros s\u0103 v\u0103 deschid\u0103 petalele sufletului asemeni ghiocelului odat\u0103 cu sosirea prim\u0103verii. Prim\u0103ria Albe\u015ftii de Arge\u015f, primar Sava Vasile \u00eempreun\u0103 cu to\u0163i angaja\u0163ii prim\u0103riei<\/p>\n","protected":false},"author":2,"featured_media":3576,"comment_status":"closed","ping_status":"open","sticky":false,"template":"","format":"standard","meta":{"footnotes":""},"categories":[4],"tags":[],"class_list":{"0":"post-3643","1":"post","2":"type-post","3":"status-publish","4":"format-standard","5":"has-post-thumbnail","7":"category-felicitari"},"_links":{"self":[{"href":"https:\/\/www.editiespecialapress.ro\/newtest\/wp-json\/wp\/v2\/posts\/3643","targetHints":{"allow":["GET"]}}],"collection":[{"href":"https:\/\/www.editiespecialapress.ro\/newtest\/wp-json\/wp\/v2\/posts"}],"about":[{"href":"https:\/\/www.editiespecialapress.ro\/newtest\/wp-json\/wp\/v2\/types\/post"}],"author":[{"embeddable":true,"href":"https:\/\/www.editiespecialapress.ro\/newtest\/wp-json\/wp\/v2\/users\/2"}],"replies":[{"embeddable":true,"href":"https:\/\/www.editiespecialapress.ro\/newtest\/wp-json\/wp\/v2\/comments?post=3643"}],"version-history":[{"count":0,"href":"https:\/\/www.editiespecialapress.ro\/newtest\/wp-json\/wp\/v2\/posts\/3643\/revisions"}],"wp:featuredmedia":[{"embeddable":true,"href":"https:\/\/www.editiespecialapress.ro\/newtest\/wp-json\/"}],"wp:attachment":[{"href":"https:\/\/www.editiespecialapress.ro\/newtest\/wp-json\/wp\/v2\/media?parent=3643"}],"wp:term":[{"taxonomy":"category","embeddable":true,"href":"https:\/\/www.editiespecialapress.ro\/newtest\/wp-json\/wp\/v2\/categories?post=3643"},{"taxonomy":"post_tag","embeddable":true,"href":"https:\/\/www.editiespecialapress.ro\/newtest\/wp-json\/wp\/v2\/tags?post=3643"}],"curies":[{"name":"wp","href":"https:\/\/api.w.org\/{rel}","templated":true}]}}