{"id":3647,"date":"2016-02-29T15:16:43","date_gmt":"2016-02-29T13:16:43","guid":{"rendered":"http:\/\/www.editiespecialapress.ro\/?p=3647"},"modified":"2016-02-29T15:16:43","modified_gmt":"2016-02-29T13:16:43","slug":"urare-1-martie-baiculesti","status":"publish","type":"post","link":"https:\/\/www.editiespecialapress.ro\/newtest\/2016\/02\/29\/urare-1-martie-baiculesti\/","title":{"rendered":"Urare 1 Martie &#8211; B\u0103icule\u015fti"},"content":{"rendered":"<div id=\"yui_3_16_0_ym18_1_1458825494250_4836\">De prin zapezi de neuitat,<br \/>\nAm ap\u0103rut la u\u015fa voastr\u0103,<br \/>\nEu m\u0103r\u0163i\u015forul cel visat<br \/>\nCel mai dorit \u00een via\u0163a voastr\u0103!<\/div>\n<div id=\"yui_3_16_0_ym18_1_1458825494250_4837\">\u00a0Prim\u0103ria B\u0103icule\u015fti AG, primar Dragnea Niculae \u015fi to\u0163i angaja\u0163ii prim\u0103ri<\/div>\n","protected":false},"excerpt":{"rendered":"<p>De prin zapezi de neuitat, Am ap\u0103rut la u\u015fa voastr\u0103, Eu m\u0103r\u0163i\u015forul cel visat Cel mai dorit \u00een via\u0163a voastr\u0103! \u00a0Prim\u0103ria B\u0103icule\u015fti AG, primar Dragnea Niculae \u015fi to\u0163i angaja\u0163ii prim\u0103ri<\/p>\n","protected":false},"author":2,"featured_media":3577,"comment_status":"closed","ping_status":"open","sticky":false,"template":"","format":"standard","meta":{"footnotes":""},"categories":[4],"tags":[],"class_list":{"0":"post-3647","1":"post","2":"type-post","3":"status-publish","4":"format-standard","5":"has-post-thumbnail","7":"category-felicitari"},"_links":{"self":[{"href":"https:\/\/www.editiespecialapress.ro\/newtest\/wp-json\/wp\/v2\/posts\/3647","targetHints":{"allow":["GET"]}}],"collection":[{"href":"https:\/\/www.editiespecialapress.ro\/newtest\/wp-json\/wp\/v2\/posts"}],"about":[{"href":"https:\/\/www.editiespecialapress.ro\/newtest\/wp-json\/wp\/v2\/types\/post"}],"author":[{"embeddable":true,"href":"https:\/\/www.editiespecialapress.ro\/newtest\/wp-json\/wp\/v2\/users\/2"}],"replies":[{"embeddable":true,"href":"https:\/\/www.editiespecialapress.ro\/newtest\/wp-json\/wp\/v2\/comments?post=3647"}],"version-history":[{"count":0,"href":"https:\/\/www.editiespecialapress.ro\/newtest\/wp-json\/wp\/v2\/posts\/3647\/revisions"}],"wp:featuredmedia":[{"embeddable":true,"href":"https:\/\/www.editiespecialapress.ro\/newtest\/wp-json\/"}],"wp:attachment":[{"href":"https:\/\/www.editiespecialapress.ro\/newtest\/wp-json\/wp\/v2\/media?parent=3647"}],"wp:term":[{"taxonomy":"category","embeddable":true,"href":"https:\/\/www.editiespecialapress.ro\/newtest\/wp-json\/wp\/v2\/categories?post=3647"},{"taxonomy":"post_tag","embeddable":true,"href":"https:\/\/www.editiespecialapress.ro\/newtest\/wp-json\/wp\/v2\/tags?post=3647"}],"curies":[{"name":"wp","href":"https:\/\/api.w.org\/{rel}","templated":true}]}}