{"id":3649,"date":"2016-02-29T15:17:24","date_gmt":"2016-02-29T13:17:24","guid":{"rendered":"http:\/\/www.editiespecialapress.ro\/?p=3649"},"modified":"2016-02-29T15:17:24","modified_gmt":"2016-02-29T13:17:24","slug":"urare-1-martie-barla","status":"publish","type":"post","link":"https:\/\/www.editiespecialapress.ro\/newtest\/2016\/02\/29\/urare-1-martie-barla\/","title":{"rendered":"Urare 1 Martie &#8211; B\u00e2rla"},"content":{"rendered":"<p>Cu drag de m\u0103r\u0163i\u015for, primi\u0163i prim\u0103vara \u00een sufletul vostru \u015fi fie ca acest anotimp s\u0103 v\u0103 aduc\u0103 \u00een via\u0163\u0103 \u00eemplinire \u015fi noroc, fericire \u015fi iubire \u015fi nu \u00een ultimul r\u00e2nd, c\u0103ldur\u0103 sufletesc\u0103 de la cei dragi. V\u0103 dorim o prim\u0103var\u0103 frumoas\u0103!<\/p>\n<p>Prim\u0103ria B\u00e2rla AG, primar Neac\u015fu Ion \u015fi to\u0163i angaja\u0163ii prim\u0103riei<\/p>\n","protected":false},"excerpt":{"rendered":"<p>Cu drag de m\u0103r\u0163i\u015for, primi\u0163i prim\u0103vara \u00een sufletul vostru \u015fi fie ca acest anotimp s\u0103 v\u0103 aduc\u0103 \u00een via\u0163\u0103 \u00eemplinire \u015fi noroc, fericire \u015fi iubire \u015fi nu \u00een ultimul r\u00e2nd, c\u0103ldur\u0103 sufletesc\u0103 de la cei dragi. V\u0103 dorim o prim\u0103var\u0103 frumoas\u0103! Prim\u0103ria B\u00e2rla AG, primar Neac\u015fu Ion \u015fi to\u0163i angaja\u0163ii prim\u0103riei<\/p>\n","protected":false},"author":2,"featured_media":3578,"comment_status":"closed","ping_status":"open","sticky":false,"template":"","format":"standard","meta":{"footnotes":""},"categories":[4],"tags":[],"class_list":{"0":"post-3649","1":"post","2":"type-post","3":"status-publish","4":"format-standard","5":"has-post-thumbnail","7":"category-felicitari"},"_links":{"self":[{"href":"https:\/\/www.editiespecialapress.ro\/newtest\/wp-json\/wp\/v2\/posts\/3649","targetHints":{"allow":["GET"]}}],"collection":[{"href":"https:\/\/www.editiespecialapress.ro\/newtest\/wp-json\/wp\/v2\/posts"}],"about":[{"href":"https:\/\/www.editiespecialapress.ro\/newtest\/wp-json\/wp\/v2\/types\/post"}],"author":[{"embeddable":true,"href":"https:\/\/www.editiespecialapress.ro\/newtest\/wp-json\/wp\/v2\/users\/2"}],"replies":[{"embeddable":true,"href":"https:\/\/www.editiespecialapress.ro\/newtest\/wp-json\/wp\/v2\/comments?post=3649"}],"version-history":[{"count":0,"href":"https:\/\/www.editiespecialapress.ro\/newtest\/wp-json\/wp\/v2\/posts\/3649\/revisions"}],"wp:featuredmedia":[{"embeddable":true,"href":"https:\/\/www.editiespecialapress.ro\/newtest\/wp-json\/"}],"wp:attachment":[{"href":"https:\/\/www.editiespecialapress.ro\/newtest\/wp-json\/wp\/v2\/media?parent=3649"}],"wp:term":[{"taxonomy":"category","embeddable":true,"href":"https:\/\/www.editiespecialapress.ro\/newtest\/wp-json\/wp\/v2\/categories?post=3649"},{"taxonomy":"post_tag","embeddable":true,"href":"https:\/\/www.editiespecialapress.ro\/newtest\/wp-json\/wp\/v2\/tags?post=3649"}],"curies":[{"name":"wp","href":"https:\/\/api.w.org\/{rel}","templated":true}]}}