{"id":3651,"date":"2016-02-29T15:18:01","date_gmt":"2016-02-29T13:18:01","guid":{"rendered":"http:\/\/www.editiespecialapress.ro\/?p=3651"},"modified":"2016-02-29T15:18:01","modified_gmt":"2016-02-29T13:18:01","slug":"urare-1-martie-bogati","status":"publish","type":"post","link":"https:\/\/www.editiespecialapress.ro\/newtest\/2016\/02\/29\/urare-1-martie-bogati\/","title":{"rendered":"Urare 1 Martie &#8211; Boga\u0163i"},"content":{"rendered":"<p>L\u0103sa\u0163i s\u0103 v\u0103 picure \u00een suflet \u00eenc\u0103 o prim\u0103var\u0103&#8230; l\u0103sa\u0163i-o s\u0103 v\u0103 cuprind\u0103 obrajii \u015fi s\u0103 v\u0103 \u00eenv\u0103luie inima; dansa\u0163i cu ea \u00een lumina soarelui \u015fi l\u0103sa\u0163i-o s\u0103 v\u0103 umple bra\u0163ele cu flori \u015fi iubire&#8230;<\/p>\n<p>Prim\u0103ria Boga\u0163i AG, primar G\u00e2rleanu Ion \u015fi to\u0163i angaja\u0163ii prim\u0103riei<\/p>\n","protected":false},"excerpt":{"rendered":"<p>L\u0103sa\u0163i s\u0103 v\u0103 picure \u00een suflet \u00eenc\u0103 o prim\u0103var\u0103&#8230; l\u0103sa\u0163i-o s\u0103 v\u0103 cuprind\u0103 obrajii \u015fi s\u0103 v\u0103 \u00eenv\u0103luie inima; dansa\u0163i cu ea \u00een lumina soarelui \u015fi l\u0103sa\u0163i-o s\u0103 v\u0103 umple bra\u0163ele cu flori \u015fi iubire&#8230; Prim\u0103ria Boga\u0163i AG, primar G\u00e2rleanu Ion \u015fi to\u0163i angaja\u0163ii prim\u0103riei<\/p>\n","protected":false},"author":2,"featured_media":3579,"comment_status":"closed","ping_status":"open","sticky":false,"template":"","format":"standard","meta":{"footnotes":""},"categories":[4],"tags":[],"class_list":{"0":"post-3651","1":"post","2":"type-post","3":"status-publish","4":"format-standard","5":"has-post-thumbnail","7":"category-felicitari"},"_links":{"self":[{"href":"https:\/\/www.editiespecialapress.ro\/newtest\/wp-json\/wp\/v2\/posts\/3651","targetHints":{"allow":["GET"]}}],"collection":[{"href":"https:\/\/www.editiespecialapress.ro\/newtest\/wp-json\/wp\/v2\/posts"}],"about":[{"href":"https:\/\/www.editiespecialapress.ro\/newtest\/wp-json\/wp\/v2\/types\/post"}],"author":[{"embeddable":true,"href":"https:\/\/www.editiespecialapress.ro\/newtest\/wp-json\/wp\/v2\/users\/2"}],"replies":[{"embeddable":true,"href":"https:\/\/www.editiespecialapress.ro\/newtest\/wp-json\/wp\/v2\/comments?post=3651"}],"version-history":[{"count":0,"href":"https:\/\/www.editiespecialapress.ro\/newtest\/wp-json\/wp\/v2\/posts\/3651\/revisions"}],"wp:featuredmedia":[{"embeddable":true,"href":"https:\/\/www.editiespecialapress.ro\/newtest\/wp-json\/"}],"wp:attachment":[{"href":"https:\/\/www.editiespecialapress.ro\/newtest\/wp-json\/wp\/v2\/media?parent=3651"}],"wp:term":[{"taxonomy":"category","embeddable":true,"href":"https:\/\/www.editiespecialapress.ro\/newtest\/wp-json\/wp\/v2\/categories?post=3651"},{"taxonomy":"post_tag","embeddable":true,"href":"https:\/\/www.editiespecialapress.ro\/newtest\/wp-json\/wp\/v2\/tags?post=3651"}],"curies":[{"name":"wp","href":"https:\/\/api.w.org\/{rel}","templated":true}]}}