{"id":3653,"date":"2016-02-29T15:19:04","date_gmt":"2016-02-29T13:19:04","guid":{"rendered":"http:\/\/www.editiespecialapress.ro\/?p=3653"},"modified":"2016-02-29T15:19:04","modified_gmt":"2016-02-29T13:19:04","slug":"urare-1-martie-darmanesti","status":"publish","type":"post","link":"https:\/\/www.editiespecialapress.ro\/newtest\/2016\/02\/29\/urare-1-martie-darmanesti\/","title":{"rendered":"Urare 1 Martie &#8211; D\u00e2rm\u0103ne\u015fti"},"content":{"rendered":"<p>Ghioceii tremur\u0103,<br \/>\nDe via\u0163\u0103 se bucur\u0103,<br \/>\nDe soare \u015fi de lumin\u0103,<br \/>\nPrimav\u0103ra \u00eei \u00eenvie.<br \/>\nS\u0103 ne aduc\u0103 bucurie,<br \/>\nEi cu ging\u0103\u015fia lor,<br \/>\nNe aduc un m\u0103r\u0163i\u015for.<\/p>\n<div id=\"yiv4521687993hmenudoi\">\u00a0Prim\u0103ria D\u00e2rm\u0103ne\u015fti AG, primar Ciolan Emilian \u015fi to\u0163i angaja\u0163ii prim\u0103riei<\/div>\n","protected":false},"excerpt":{"rendered":"<p>Ghioceii tremur\u0103, De via\u0163\u0103 se bucur\u0103, De soare \u015fi de lumin\u0103, Primav\u0103ra \u00eei \u00eenvie. S\u0103 ne aduc\u0103 bucurie, Ei cu ging\u0103\u015fia lor, Ne aduc un m\u0103r\u0163i\u015for. \u00a0Prim\u0103ria D\u00e2rm\u0103ne\u015fti AG, primar Ciolan Emilian \u015fi to\u0163i angaja\u0163ii prim\u0103riei<\/p>\n","protected":false},"author":2,"featured_media":3580,"comment_status":"closed","ping_status":"open","sticky":false,"template":"","format":"standard","meta":{"footnotes":""},"categories":[4],"tags":[],"class_list":{"0":"post-3653","1":"post","2":"type-post","3":"status-publish","4":"format-standard","5":"has-post-thumbnail","7":"category-felicitari"},"_links":{"self":[{"href":"https:\/\/www.editiespecialapress.ro\/newtest\/wp-json\/wp\/v2\/posts\/3653","targetHints":{"allow":["GET"]}}],"collection":[{"href":"https:\/\/www.editiespecialapress.ro\/newtest\/wp-json\/wp\/v2\/posts"}],"about":[{"href":"https:\/\/www.editiespecialapress.ro\/newtest\/wp-json\/wp\/v2\/types\/post"}],"author":[{"embeddable":true,"href":"https:\/\/www.editiespecialapress.ro\/newtest\/wp-json\/wp\/v2\/users\/2"}],"replies":[{"embeddable":true,"href":"https:\/\/www.editiespecialapress.ro\/newtest\/wp-json\/wp\/v2\/comments?post=3653"}],"version-history":[{"count":0,"href":"https:\/\/www.editiespecialapress.ro\/newtest\/wp-json\/wp\/v2\/posts\/3653\/revisions"}],"wp:featuredmedia":[{"embeddable":true,"href":"https:\/\/www.editiespecialapress.ro\/newtest\/wp-json\/"}],"wp:attachment":[{"href":"https:\/\/www.editiespecialapress.ro\/newtest\/wp-json\/wp\/v2\/media?parent=3653"}],"wp:term":[{"taxonomy":"category","embeddable":true,"href":"https:\/\/www.editiespecialapress.ro\/newtest\/wp-json\/wp\/v2\/categories?post=3653"},{"taxonomy":"post_tag","embeddable":true,"href":"https:\/\/www.editiespecialapress.ro\/newtest\/wp-json\/wp\/v2\/tags?post=3653"}],"curies":[{"name":"wp","href":"https:\/\/api.w.org\/{rel}","templated":true}]}}