{"id":3655,"date":"2016-02-29T15:19:52","date_gmt":"2016-02-29T13:19:52","guid":{"rendered":"http:\/\/www.editiespecialapress.ro\/?p=3655"},"modified":"2016-02-29T15:19:52","modified_gmt":"2016-02-29T13:19:52","slug":"urare-1-martie-negrasi","status":"publish","type":"post","link":"https:\/\/www.editiespecialapress.ro\/newtest\/2016\/02\/29\/urare-1-martie-negrasi\/","title":{"rendered":"Urare 1 Martie &#8211; Negra\u015fi"},"content":{"rendered":"<div id=\"yui_3_16_0_ym18_1_1458825494250_4841\">A\u015fa cum binele \u00eenvinge r\u0103ul, frumosul primeaz\u0103 asupra ur\u00e2tului, bucuria alung\u0103 triste\u0163ea, tot a\u015fa prim\u0103vara din sufletele noastre tope\u015fte povara grea de nea \u015fi las\u0103 s\u0103 se iveasc\u0103 primul ghiocel, simbol al feminit\u0103\u0163ii eterne.<\/div>\n<div><\/div>\n<div>Prim\u0103ria Negra\u015fi AG, primar Radu Nicolae \u015fi to\u0163i angaja\u0163ii prim\u0103riei<\/div>\n<p>&nbsp;<\/p>\n","protected":false},"excerpt":{"rendered":"<p>A\u015fa cum binele \u00eenvinge r\u0103ul, frumosul primeaz\u0103 asupra ur\u00e2tului, bucuria alung\u0103 triste\u0163ea, tot a\u015fa prim\u0103vara din sufletele noastre tope\u015fte povara grea de nea \u015fi las\u0103 s\u0103 se iveasc\u0103 primul ghiocel, simbol al feminit\u0103\u0163ii eterne. Prim\u0103ria Negra\u015fi AG, primar Radu Nicolae \u015fi to\u0163i angaja\u0163ii prim\u0103riei &nbsp;<\/p>\n","protected":false},"author":2,"featured_media":3582,"comment_status":"closed","ping_status":"open","sticky":false,"template":"","format":"standard","meta":{"footnotes":""},"categories":[4],"tags":[],"class_list":{"0":"post-3655","1":"post","2":"type-post","3":"status-publish","4":"format-standard","5":"has-post-thumbnail","7":"category-felicitari"},"_links":{"self":[{"href":"https:\/\/www.editiespecialapress.ro\/newtest\/wp-json\/wp\/v2\/posts\/3655","targetHints":{"allow":["GET"]}}],"collection":[{"href":"https:\/\/www.editiespecialapress.ro\/newtest\/wp-json\/wp\/v2\/posts"}],"about":[{"href":"https:\/\/www.editiespecialapress.ro\/newtest\/wp-json\/wp\/v2\/types\/post"}],"author":[{"embeddable":true,"href":"https:\/\/www.editiespecialapress.ro\/newtest\/wp-json\/wp\/v2\/users\/2"}],"replies":[{"embeddable":true,"href":"https:\/\/www.editiespecialapress.ro\/newtest\/wp-json\/wp\/v2\/comments?post=3655"}],"version-history":[{"count":0,"href":"https:\/\/www.editiespecialapress.ro\/newtest\/wp-json\/wp\/v2\/posts\/3655\/revisions"}],"wp:featuredmedia":[{"embeddable":true,"href":"https:\/\/www.editiespecialapress.ro\/newtest\/wp-json\/"}],"wp:attachment":[{"href":"https:\/\/www.editiespecialapress.ro\/newtest\/wp-json\/wp\/v2\/media?parent=3655"}],"wp:term":[{"taxonomy":"category","embeddable":true,"href":"https:\/\/www.editiespecialapress.ro\/newtest\/wp-json\/wp\/v2\/categories?post=3655"},{"taxonomy":"post_tag","embeddable":true,"href":"https:\/\/www.editiespecialapress.ro\/newtest\/wp-json\/wp\/v2\/tags?post=3655"}],"curies":[{"name":"wp","href":"https:\/\/api.w.org\/{rel}","templated":true}]}}