{"id":3659,"date":"2016-02-29T15:21:35","date_gmt":"2016-02-29T13:21:35","guid":{"rendered":"http:\/\/www.editiespecialapress.ro\/?p=3659"},"modified":"2016-02-29T15:21:35","modified_gmt":"2016-02-29T13:21:35","slug":"urare-1-martie-editie-speciala-press-2","status":"publish","type":"post","link":"https:\/\/www.editiespecialapress.ro\/newtest\/2016\/02\/29\/urare-1-martie-editie-speciala-press-2\/","title":{"rendered":"Urare 1 Martie &#8211; Edi\u0163ie Special\u0103 Press"},"content":{"rendered":"<p>Din dep\u0103rt\u0103ri, pe aripi ne\u015ftiute,<br \/>\nPurtat de-un dulce \u015fi mirific dor,<br \/>\n\u00cen cea mai minunat\u0103 prim\u0103var\u0103<br \/>\nSe-ndreapt\u0103 c\u0103tre voi un m\u0103r\u0163i\u015for.<\/p>\n<div id=\"yiv4521687993hmenudoi\">Edi\u0163ie Special\u0103 Press, director gnr. Ratea Iulian \u015fi toat\u0103 redac\u0163ia<\/div>\n","protected":false},"excerpt":{"rendered":"<p>Din dep\u0103rt\u0103ri, pe aripi ne\u015ftiute, Purtat de-un dulce \u015fi mirific dor, \u00cen cea mai minunat\u0103 prim\u0103var\u0103 Se-ndreapt\u0103 c\u0103tre voi un m\u0103r\u0163i\u015for. Edi\u0163ie Special\u0103 Press, director gnr. Ratea Iulian \u015fi toat\u0103 redac\u0163ia<\/p>\n","protected":false},"author":2,"featured_media":3581,"comment_status":"closed","ping_status":"open","sticky":false,"template":"","format":"standard","meta":{"footnotes":""},"categories":[4],"tags":[],"class_list":{"0":"post-3659","1":"post","2":"type-post","3":"status-publish","4":"format-standard","5":"has-post-thumbnail","7":"category-felicitari"},"_links":{"self":[{"href":"https:\/\/www.editiespecialapress.ro\/newtest\/wp-json\/wp\/v2\/posts\/3659","targetHints":{"allow":["GET"]}}],"collection":[{"href":"https:\/\/www.editiespecialapress.ro\/newtest\/wp-json\/wp\/v2\/posts"}],"about":[{"href":"https:\/\/www.editiespecialapress.ro\/newtest\/wp-json\/wp\/v2\/types\/post"}],"author":[{"embeddable":true,"href":"https:\/\/www.editiespecialapress.ro\/newtest\/wp-json\/wp\/v2\/users\/2"}],"replies":[{"embeddable":true,"href":"https:\/\/www.editiespecialapress.ro\/newtest\/wp-json\/wp\/v2\/comments?post=3659"}],"version-history":[{"count":0,"href":"https:\/\/www.editiespecialapress.ro\/newtest\/wp-json\/wp\/v2\/posts\/3659\/revisions"}],"wp:featuredmedia":[{"embeddable":true,"href":"https:\/\/www.editiespecialapress.ro\/newtest\/wp-json\/"}],"wp:attachment":[{"href":"https:\/\/www.editiespecialapress.ro\/newtest\/wp-json\/wp\/v2\/media?parent=3659"}],"wp:term":[{"taxonomy":"category","embeddable":true,"href":"https:\/\/www.editiespecialapress.ro\/newtest\/wp-json\/wp\/v2\/categories?post=3659"},{"taxonomy":"post_tag","embeddable":true,"href":"https:\/\/www.editiespecialapress.ro\/newtest\/wp-json\/wp\/v2\/tags?post=3659"}],"curies":[{"name":"wp","href":"https:\/\/api.w.org\/{rel}","templated":true}]}}