{"id":3661,"date":"2016-03-07T15:22:35","date_gmt":"2016-03-07T13:22:35","guid":{"rendered":"http:\/\/www.editiespecialapress.ro\/?p=3661"},"modified":"2016-03-07T15:22:35","modified_gmt":"2016-03-07T13:22:35","slug":"urare-8-martie-suici","status":"publish","type":"post","link":"https:\/\/www.editiespecialapress.ro\/newtest\/2016\/03\/07\/urare-8-martie-suici\/","title":{"rendered":"Urare 8 Martie &#8211; \u015euici"},"content":{"rendered":"<p>V\u0103 dorim ca aceste zile de prim\u0103var\u0103 \u015fi r\u0103s\u0103ritul soarelui s\u0103 v\u0103 aduc\u0103 peste zi \u00eemplinirea viselor al\u0103turi de tot ceea ce poate fi mai pur, mai sincer, mai curat\u2026 La mul\u0163i ani, tuturor femeilor!<\/p>\n<p>Prim\u0103ria \u015euici AG, primar Iatagan Constantin cu to\u0163i angaja\u0163ii prim\u0103riei \u015fi Consiliul Local<\/p>\n","protected":false},"excerpt":{"rendered":"<p>V\u0103 dorim ca aceste zile de prim\u0103var\u0103 \u015fi r\u0103s\u0103ritul soarelui s\u0103 v\u0103 aduc\u0103 peste zi \u00eemplinirea viselor al\u0103turi de tot ceea ce poate fi mai pur, mai sincer, mai curat\u2026 La mul\u0163i ani, tuturor femeilor! Prim\u0103ria \u015euici AG, primar Iatagan Constantin cu to\u0163i angaja\u0163ii prim\u0103riei \u015fi Consiliul Local<\/p>\n","protected":false},"author":2,"featured_media":3599,"comment_status":"closed","ping_status":"open","sticky":false,"template":"","format":"standard","meta":{"footnotes":""},"categories":[4],"tags":[],"class_list":{"0":"post-3661","1":"post","2":"type-post","3":"status-publish","4":"format-standard","5":"has-post-thumbnail","7":"category-felicitari"},"_links":{"self":[{"href":"https:\/\/www.editiespecialapress.ro\/newtest\/wp-json\/wp\/v2\/posts\/3661","targetHints":{"allow":["GET"]}}],"collection":[{"href":"https:\/\/www.editiespecialapress.ro\/newtest\/wp-json\/wp\/v2\/posts"}],"about":[{"href":"https:\/\/www.editiespecialapress.ro\/newtest\/wp-json\/wp\/v2\/types\/post"}],"author":[{"embeddable":true,"href":"https:\/\/www.editiespecialapress.ro\/newtest\/wp-json\/wp\/v2\/users\/2"}],"replies":[{"embeddable":true,"href":"https:\/\/www.editiespecialapress.ro\/newtest\/wp-json\/wp\/v2\/comments?post=3661"}],"version-history":[{"count":0,"href":"https:\/\/www.editiespecialapress.ro\/newtest\/wp-json\/wp\/v2\/posts\/3661\/revisions"}],"wp:featuredmedia":[{"embeddable":true,"href":"https:\/\/www.editiespecialapress.ro\/newtest\/wp-json\/"}],"wp:attachment":[{"href":"https:\/\/www.editiespecialapress.ro\/newtest\/wp-json\/wp\/v2\/media?parent=3661"}],"wp:term":[{"taxonomy":"category","embeddable":true,"href":"https:\/\/www.editiespecialapress.ro\/newtest\/wp-json\/wp\/v2\/categories?post=3661"},{"taxonomy":"post_tag","embeddable":true,"href":"https:\/\/www.editiespecialapress.ro\/newtest\/wp-json\/wp\/v2\/tags?post=3661"}],"curies":[{"name":"wp","href":"https:\/\/api.w.org\/{rel}","templated":true}]}}