{"id":3663,"date":"2016-03-07T15:23:18","date_gmt":"2016-03-07T13:23:18","guid":{"rendered":"http:\/\/www.editiespecialapress.ro\/?p=3663"},"modified":"2016-03-07T15:23:18","modified_gmt":"2016-03-07T13:23:18","slug":"urare-8-martie-vedea","status":"publish","type":"post","link":"https:\/\/www.editiespecialapress.ro\/newtest\/2016\/03\/07\/urare-8-martie-vedea\/","title":{"rendered":"Urare 8 Martie &#8211; Vedea"},"content":{"rendered":"<p>\u201eFie ca toate \u00eemplinirile frumoase, s\u0103n\u0103tatea \u015fi spiritul acestei zile s\u0103 v\u0103 \u00eenso\u0163easc\u0103 pretutindeni\u2026\u015fi fie ca prim\u0103vara iubirii s\u0103 v\u0103 inunde sufletul cu bucurie \u015fi cu parfumul tuturor florilor sale. V\u0103 dorim un 8 Martie c\u00e2t mai frumos. La mul\u0163i ani, tuturor femeilor!<\/p>\n<p>Prim\u0103ria Vedea AG, primar Dochinoiu Nicolae \u015fi to\u0163i angaja\u0163ii prim\u0103riei<\/p>\n","protected":false},"excerpt":{"rendered":"<p>\u201eFie ca toate \u00eemplinirile frumoase, s\u0103n\u0103tatea \u015fi spiritul acestei zile s\u0103 v\u0103 \u00eenso\u0163easc\u0103 pretutindeni\u2026\u015fi fie ca prim\u0103vara iubirii s\u0103 v\u0103 inunde sufletul cu bucurie \u015fi cu parfumul tuturor florilor sale. V\u0103 dorim un 8 Martie c\u00e2t mai frumos. La mul\u0163i ani, tuturor femeilor! Prim\u0103ria Vedea AG, primar Dochinoiu Nicolae \u015fi to\u0163i angaja\u0163ii prim\u0103riei<\/p>\n","protected":false},"author":2,"featured_media":3600,"comment_status":"closed","ping_status":"open","sticky":false,"template":"","format":"standard","meta":{"footnotes":""},"categories":[4],"tags":[],"class_list":{"0":"post-3663","1":"post","2":"type-post","3":"status-publish","4":"format-standard","5":"has-post-thumbnail","7":"category-felicitari"},"_links":{"self":[{"href":"https:\/\/www.editiespecialapress.ro\/newtest\/wp-json\/wp\/v2\/posts\/3663","targetHints":{"allow":["GET"]}}],"collection":[{"href":"https:\/\/www.editiespecialapress.ro\/newtest\/wp-json\/wp\/v2\/posts"}],"about":[{"href":"https:\/\/www.editiespecialapress.ro\/newtest\/wp-json\/wp\/v2\/types\/post"}],"author":[{"embeddable":true,"href":"https:\/\/www.editiespecialapress.ro\/newtest\/wp-json\/wp\/v2\/users\/2"}],"replies":[{"embeddable":true,"href":"https:\/\/www.editiespecialapress.ro\/newtest\/wp-json\/wp\/v2\/comments?post=3663"}],"version-history":[{"count":0,"href":"https:\/\/www.editiespecialapress.ro\/newtest\/wp-json\/wp\/v2\/posts\/3663\/revisions"}],"wp:featuredmedia":[{"embeddable":true,"href":"https:\/\/www.editiespecialapress.ro\/newtest\/wp-json\/"}],"wp:attachment":[{"href":"https:\/\/www.editiespecialapress.ro\/newtest\/wp-json\/wp\/v2\/media?parent=3663"}],"wp:term":[{"taxonomy":"category","embeddable":true,"href":"https:\/\/www.editiespecialapress.ro\/newtest\/wp-json\/wp\/v2\/categories?post=3663"},{"taxonomy":"post_tag","embeddable":true,"href":"https:\/\/www.editiespecialapress.ro\/newtest\/wp-json\/wp\/v2\/tags?post=3663"}],"curies":[{"name":"wp","href":"https:\/\/api.w.org\/{rel}","templated":true}]}}