{"id":3665,"date":"2016-03-07T15:24:00","date_gmt":"2016-03-07T13:24:00","guid":{"rendered":"http:\/\/www.editiespecialapress.ro\/?p=3665"},"modified":"2016-03-07T15:24:00","modified_gmt":"2016-03-07T13:24:00","slug":"urare-8-martie-editie-speciala-press","status":"publish","type":"post","link":"https:\/\/www.editiespecialapress.ro\/newtest\/2016\/03\/07\/urare-8-martie-editie-speciala-press\/","title":{"rendered":"Urare 8 Martie &#8211; Edi\u0163ie Special\u0103 Press"},"content":{"rendered":"<p>Flori ale prim\u0103verii, azi uita\u0163i cine sunte\u0163i \u015fi trezi\u0163i-v\u0103 la via\u0163\u0103 odat\u0103 cu natura. Fi\u0163i fluturi zglobii \u015fi a\u015feza\u0163i-v\u0103 pe prima floare a purit\u0103\u0163ii. Ziua s\u0103 v\u0103 fie mai senin\u0103 ca infinitul. La mul\u0163i ani de 8 Martie, flori ale prim\u0103verii!<\/p>\n<p>Edi\u0163ie Special\u0103 Press, dir. gnr. Ratea Iulian \u015fi toat\u0103 redac\u0163ia<\/p>\n","protected":false},"excerpt":{"rendered":"<p>Flori ale prim\u0103verii, azi uita\u0163i cine sunte\u0163i \u015fi trezi\u0163i-v\u0103 la via\u0163\u0103 odat\u0103 cu natura. Fi\u0163i fluturi zglobii \u015fi a\u015feza\u0163i-v\u0103 pe prima floare a purit\u0103\u0163ii. Ziua s\u0103 v\u0103 fie mai senin\u0103 ca infinitul. La mul\u0163i ani de 8 Martie, flori ale prim\u0103verii! Edi\u0163ie Special\u0103 Press, dir. gnr. Ratea Iulian \u015fi toat\u0103 redac\u0163ia<\/p>\n","protected":false},"author":2,"featured_media":3598,"comment_status":"closed","ping_status":"open","sticky":false,"template":"","format":"standard","meta":{"footnotes":""},"categories":[4],"tags":[],"class_list":{"0":"post-3665","1":"post","2":"type-post","3":"status-publish","4":"format-standard","5":"has-post-thumbnail","7":"category-felicitari"},"_links":{"self":[{"href":"https:\/\/www.editiespecialapress.ro\/newtest\/wp-json\/wp\/v2\/posts\/3665","targetHints":{"allow":["GET"]}}],"collection":[{"href":"https:\/\/www.editiespecialapress.ro\/newtest\/wp-json\/wp\/v2\/posts"}],"about":[{"href":"https:\/\/www.editiespecialapress.ro\/newtest\/wp-json\/wp\/v2\/types\/post"}],"author":[{"embeddable":true,"href":"https:\/\/www.editiespecialapress.ro\/newtest\/wp-json\/wp\/v2\/users\/2"}],"replies":[{"embeddable":true,"href":"https:\/\/www.editiespecialapress.ro\/newtest\/wp-json\/wp\/v2\/comments?post=3665"}],"version-history":[{"count":0,"href":"https:\/\/www.editiespecialapress.ro\/newtest\/wp-json\/wp\/v2\/posts\/3665\/revisions"}],"wp:featuredmedia":[{"embeddable":true,"href":"https:\/\/www.editiespecialapress.ro\/newtest\/wp-json\/"}],"wp:attachment":[{"href":"https:\/\/www.editiespecialapress.ro\/newtest\/wp-json\/wp\/v2\/media?parent=3665"}],"wp:term":[{"taxonomy":"category","embeddable":true,"href":"https:\/\/www.editiespecialapress.ro\/newtest\/wp-json\/wp\/v2\/categories?post=3665"},{"taxonomy":"post_tag","embeddable":true,"href":"https:\/\/www.editiespecialapress.ro\/newtest\/wp-json\/wp\/v2\/tags?post=3665"}],"curies":[{"name":"wp","href":"https:\/\/api.w.org\/{rel}","templated":true}]}}