{"id":3670,"date":"2016-03-27T23:27:22","date_gmt":"2016-03-27T21:27:22","guid":{"rendered":"http:\/\/www.editiespecialapress.ro\/?p=3670"},"modified":"2016-03-27T23:27:22","modified_gmt":"2016-03-27T21:27:22","slug":"infractorul-procuror-favorizator-adrian-mihai-de-la-dna-pitesti-impreuna-cu-ofiterul-infractor-diaconu-au-favorizat-infractorii-cei-mai-periculosi-ai-ipj-arges-chestor-de-carton-ispir-ionel-of","status":"publish","type":"post","link":"https:\/\/www.editiespecialapress.ro\/newtest\/2016\/03\/27\/infractorul-procuror-favorizator-adrian-mihai-de-la-dna-pitesti-impreuna-cu-ofiterul-infractor-diaconu-au-favorizat-infractorii-cei-mai-periculosi-ai-ipj-arges-chestor-de-carton-ispir-ionel-of\/","title":{"rendered":"Infractorul procuror favorizator, Adrian Mihai, de la DNA Pite\u015fti, \u00eempreun\u0103 cu ofi\u0163erul infractor, Diaconu, au favorizat infractorii cei mai periculo\u015fi ai IPJ Arge\u015f, chestor de carton, Ispir Ionel, ofi\u0163eri infractori ai corpului de control, ofi\u0163er infractor Radu Raluca, de la Sec\u0163ia 4 a Poli\u0163iei Pite\u015fti, primarul Diaconu de la Curtea de Arge\u015f \u015f.a.m.d. pentru sume frumoase de euro \u015fi obiecte"},"content":{"rendered":"<figure id=\"attachment_3671\" aria-describedby=\"caption-attachment-3671\" style=\"width: 230px\" class=\"wp-caption alignright\"><img loading=\"lazy\" decoding=\"async\" class=\"size-full wp-image-3671\" src=\"http:\/\/www.editiespecialapress.ro\/wp\/wp-content\/uploads\/2016\/03\/Chestorul-de-carton-Ispirescu-Ionel.jpg\" alt=\"Chestorul de carton, Ispirescu Ionel\" width=\"230\" height=\"215\" \/><figcaption id=\"caption-attachment-3671\" class=\"wp-caption-text\">Chestorul de carton, Ispirescu Ionel<\/figcaption><\/figure>\n<p>Bestiile societ\u0103\u0163ii, procuror Adrian Mihai \u015fi ofi\u0163erul Diaconu de la DNA Pite\u015fti au favorizat pe infractorul \u015fef al IPJ Arge\u015f, chestor de carton, Ispir Ionel, \u015fi pe to\u0163i ofi\u0163erii de la corpul de control al acestuia, precum \u015fi pe subinspectorul Radu Raluca de la Sec\u0163ia nr. 4 Mili\u0163ie Pite\u015fti, de asemeni, \u015fi pe primarii ora\u015fului Curtea de Arge\u015f, actualul Diaconu Nicolae \u015fi fostul primar Nicu\u0163 Gheorghe.<\/p>\n<p>Dragii no\u015ftri cititori, continu\u0103m \u00een aceast\u0103 edi\u0163ie cu cei mai des\u0103v\u00e2r\u015fi\u0163i infractori favorizatori, procurorul Adrian Mihai \u015fi ofi\u0163erul de mili\u0163ie judiciar\u0103 de la DNA Pite\u015fti.<\/p>\n<p>Directorul publica\u0163iei noastre, Iulian Ratea, a solicitat IGPR-ului s\u0103 se autosesiseze \u00een leg\u0103tur\u0103 cu infrac\u0163iunile comise de generalul de carton, Ispir Ionel, \u015feful IPJ Arge\u015f \u015fi s\u0103 se ia m\u0103suri de sanc\u0163ionare administrativ\u0103 \u00eempotriva tuturor ofi\u0163erilor de la corpul de control al acestuia, precum \u015fi sanc\u0163ionarea subinspectorului Radu Raluca, de la Sec\u0163ia de Mili\u0163ie 4 Pite\u015fti. Infractorii ofi\u0163eri de la IGPR \u00een loc s\u0103 fac\u0103 investiga\u0163ii \u00een cauz\u0103 au trimis dosarul la serviciul DGA Pite\u015fti. Acum ofi\u0163erii de poli\u0163ie de la DGA l-au chemat pe directorul Iulian Ratea pentru a da o declara\u0163ie explicit\u0103 \u00een leg\u0103tur\u0103 cu sutele, miile de euro pe care le lua Ispir \u015fi cei de la corpul de control al acestuia la fiecare dosar \u015fi pentru nesanc\u0163ionarea mili\u0163ienilor mii pe care \u00eei reclamau cet\u0103\u0163enii Arge\u015fului. Ei percepeau la fiecare mili\u0163ian reclamat, sute, mii de euro \u015fi le d\u0103deau clas\u0103ri de \u00eendat\u0103. Directorul Iulian Ratea le-a explicat celor de la DGA c\u0103 trebuie verificate<\/p>\n<figure id=\"attachment_3672\" aria-describedby=\"caption-attachment-3672\" style=\"width: 225px\" class=\"wp-caption alignleft\"><img loading=\"lazy\" decoding=\"async\" class=\"size-medium wp-image-3672\" src=\"http:\/\/www.editiespecialapress.ro\/wp\/wp-content\/uploads\/2016\/03\/Ex-primar-infractor-Gheorghe-Nicu---cel-mai-darnic-cu-fata-generalului-de-carton-Ispirescu-clas--ri-mii-225x300.jpg\" alt=\"Ex-primar infractor Gheorghe Nicu\u0163, cel mai darnic cu fata generalului de carton Ispirescu, clas\u0103ri mii\" width=\"225\" height=\"300\" \/><figcaption id=\"caption-attachment-3672\" class=\"wp-caption-text\">Ex-primar infractor Gheorghe Nicu\u0163, cel mai darnic cu fata generalului de carton Ispirescu, clas\u0103ri mii<\/figcaption><\/figure>\n<p>convorbirile telefonice \u015fi s\u0103 \u00eenceap\u0103 monitoriz\u0103ri de tot felul \u00eempotriva celor sesiza\u0163i de el. Dosarul a fost \u00eenaintat la DNA Pite\u015fti \u00eentruc\u00e2t dep\u0103\u015fea suma de 20.000 de euro, faptele fiind foarte grave \u015fi cu un prejudiciu de milioane sau zeci de milioane de euro. Directorul Iulian Ratea le explicase \u015fi scrisese la DGA\u00a0 Pite\u015fti c\u0103 Petru\u0163a, fiica inspectorului \u015fef Ispir Ionel,a luat bunuri imobiliare de milioane, zeci de milioane de euro pe nimic de la prim\u0103ria Curtea de Arge\u015f, a licitat singur\u0103,a\u00a0 fost ajutat\u0103 de primarul Diaconu \u015fi de ex-primarul Nicu\u0163. Toate aceste imobiliare, terenuri, spa\u0163ii, apartamente etc. i le-a dat cei doi primari \u00een schimbul protec\u0163iei pe care le-a oferit-o \u015feful de mili\u0163ie pe atunci la Curtea de Arge\u015f, Ispir Ionel. Ispir Ionel intervenea la ofi\u0163erii lui, care aveau dosarele primarilor \u00een lucru pentru abuzuri, proprietari fictivi pe terenurile mo\u015ftenitorilor de drept, le ordonau ofi\u0163erilor s\u0103 claseze toate dosarele ale celor doi primari, sute, mii de dosare. Le spunea tot timpul &#8222;s\u0103 nu str\u00e2nge\u0163i probe, termina\u0163i c\u00e2t mai repede cu ele&#8221; . Toate aceste informa\u0163ii ne-au venit de la ofi\u0163eri ai poli\u0163iei din Curtea de Arge\u015f, care nu se implicau \u00een dosarele primarilor, dar se v\u0103itau colegi de-ai lor c\u0103 Ispir \u0163ip\u0103 la ei tot timpul c\u00e2nd vin sesiz\u0103ri care \u00eei incrimineaz\u0103 pe cei doi primari. De c\u00e2nd a venit la IPJ Arge\u015f, infractorul Ispir tot din astea face. Cum erau reclama\u0163i primarii Diaconu \u015fi Nicu\u0163 de cet\u0103\u0163eni , repede \u00eel \u015fi c\u0103utau pe Ispir s\u0103 rezolve rapid dosarele pentru a le da clas\u0103ri infractorilor primari. A\u015fa s-a ajuns ca fiica lui Ispir, Petru\u0163a, s\u0103-\u015fi \u00eensu\u015feasc\u0103 p\u0103m\u00e2nturi, spa\u0163ii, apartamente \u015f.a. bunuri \u00een Curtea de Arge\u015f, cu o valoare de milioane, zeci de milioane de euro, luate pe nimic de la Nicu\u0163 \u015fi Diaconu. Infractorul procuror Adrian Mihai \u015fi mili\u0163ianul Diaconu nu au dorit s\u0103 verifice cele sesizate de directorul Iulian Ratea, din contr\u0103, \u00een ordonan\u0163a de clasare dosar nr. 31\/P\/2016, nici nu a men\u0163ionat pe generalul de carton Ispir Ionel \u015fi<\/p>\n<figure id=\"attachment_3673\" aria-describedby=\"caption-attachment-3673\" style=\"width: 265px\" class=\"wp-caption alignright\"><img loading=\"lazy\" decoding=\"async\" class=\"size-medium wp-image-3673\" src=\"http:\/\/www.editiespecialapress.ro\/wp\/wp-content\/uploads\/2016\/03\/Primarul-Diaconu-infractor-des--v--r--it-la-prim--ria-Curtea-de-Arge---265x300.jpg\" alt=\"Primarul Diaconu, infractor des\u0103v\u00e2r\u015fit la prim\u0103ria Curtea de Arge\u015f\" width=\"265\" height=\"300\" \/><figcaption id=\"caption-attachment-3673\" class=\"wp-caption-text\">Primarul Diaconu, infractor des\u0103v\u00e2r\u015fit la prim\u0103ria Curtea de Arge\u015f<\/figcaption><\/figure>\n<p>pe fiic\u0103-sa Petru\u0163a pentru a dispune \u015fi clasarea lor \u00eempotriva faptelor penale grave. Ce blat a f\u0103cut gnr. de carton cu procurorul Adrian Mihai \u015fi cu mili\u0163ianul Diaconu, dar \u015fi ce \u015fpag\u0103 le-a dat Ispir Ionel acestora v\u0103 cam \u00eenchipui\u0163i. S\u0103 nu apari nici m\u0103car cu o clasare la faptele penale grave?! Nu care cumva s\u0103-l afecteze pe Ispirescu la locul de \u015func\u0103. Directorul Ratea, c\u00e2nd a fost audiat la DNA de mili\u0163ianul Diaconu, nu a fost \u00eentrebat ce infrac\u0163iuni a comis Ispir Ionel sau fiic\u0103-sa Petru\u0163a pentru primarii din Curtea de Arge\u015f. I-a luat o declara\u0163ie pentru a da clasare mai repede, \u00eentruc\u00e2t venise euro mul\u0163i din partea infractorilor la procuratorul Mihai Adrian \u015fi mili\u0163ianul Diaconu. \u00cen ordonan\u0163a emis\u0103 de infractorul procuror Adrian Mihai se arat\u0103 c\u0103 directorul Ratea nu ar fi adus probe pentru poli\u0163i\u015fti de la poli\u0163i\u015ftii care-l informaser\u0103. Cum putea s\u0103 dea numele poli\u0163i\u015ftilor directorul Ratea, \u00eentruc\u00e2t Ispirescu Ionel \u00eei exmatricula din sistem de urgen\u0163\u0103? El le-a spus c\u0103 trebuie s\u0103 verifice ce a agonisit Ispir Petru\u0163a de la cei doi primari (p\u0103m\u00e2nturi, spa\u0163ii, apartamente etc. luate pe nimic). Nici nu a vrut s\u0103 aud\u0103 procuratorul Adrian Mihai \u015fi mili\u0163ianul Ciubucar Diaconu. Ei s-au referit \u00een ordonan\u0163a de clasare c\u0103 cei de la corpul de control al lui Ispir nu au s\u0103v\u00e2r\u015fit fapte penale grave. Nu putea directorul Ratea s\u0103 le aduc\u0103 cet\u0103\u0163enii Arge\u015fului, mii, care-l informaser\u0103 \u015fi poli\u0163i\u015ftii zeci c\u0103 ofi\u0163erii de la corpul de control al lui Ispir \u015fi Ispir cer \u015fp\u0103gi p\u00e2n\u0103 la 1000 de euro s\u0103 claseze un dosar al unui infractor de mili\u0163ian. Sau la infractoarea Radu Raluca, mili\u0163ianc\u0103 bolnav\u0103 psihic au stabilit c\u0103 dir. Ratea trebuia s\u0103 aduc\u0103 martori care i-au spus c\u0103 i-au dat<\/p>\n<figure id=\"attachment_3674\" aria-describedby=\"caption-attachment-3674\" style=\"width: 400px\" class=\"wp-caption alignleft\"><img loading=\"lazy\" decoding=\"async\" class=\"size-medium wp-image-3674\" src=\"http:\/\/www.editiespecialapress.ro\/wp\/wp-content\/uploads\/2016\/03\/Punctul-de-lucru-al-infractorilor-Ispirescu-Ionel-generalul-de-cartonn---i-al-mili--ienilor-de-la-corpul-de-control-400x250.jpg\" alt=\"Punctul de lucru al infractorilor Ispirescu Ionel, generalul de cartonn \u015fi al mili\u0163ienilor de la corpul de control\" width=\"400\" height=\"250\" \/><figcaption id=\"caption-attachment-3674\" class=\"wp-caption-text\">Punctul de lucru al infractorilor Ispirescu Ionel, generalul de cartonn \u015fi al mili\u0163ienilor de la corpul de control<\/figcaption><\/figure>\n<p>bani, c\u00e2teva sute de euro, pentru a-i lua cu for\u0163a de la biroul publica\u0163iei documentele altui infractor, Coculeanu Valentin. Cum putea directorul Ratea s\u0103 propun\u0103 martori care urmau s\u0103 fie b\u0103tu\u0163i la Sec\u0163ia de Mili\u0163ie 4 Pite\u015fti non-stop? Le-a solicitat s\u0103 verifice convorbirile telefonice \u00eentre ei \u015fi s\u0103 pun\u0103 sub monitorizare pe blestemata de mili\u0163ianc\u0103, Radu Raluca, pentru a fi prins\u0103 c\u00e2nd ia mit\u0103 \u015fi amenin\u0163\u0103 cu pu\u015fc\u0103ria victime \u015fi \u00eei pune s\u0103 scrie ce vrea ea pentru a ob\u0163ine interesele la cei ce o pl\u0103tesc. S\u0103 cerceteze expertul care\u00a0 \u00eempropiet\u0103rise pe infractorul\u00a0 Coculeanu Valentin cu 3400 mp \u00een Pite\u015fti f\u0103r\u0103 a avea teren, nici g\u00e2nd. Au zis c\u0103 e competen\u0163a Parchetului Judec\u0103toriei Pite\u015fti, de\u015fi valoarea terenului din expertiza abuziv\u0103 (hoa\u0163\u0103) era de c\u00e2teva milioane<\/p>\n<figure id=\"attachment_3675\" aria-describedby=\"caption-attachment-3675\" style=\"width: 400px\" class=\"wp-caption alignleft\"><img loading=\"lazy\" decoding=\"async\" class=\"size-medium wp-image-3675\" src=\"http:\/\/www.editiespecialapress.ro\/wp\/wp-content\/uploads\/2016\/03\/Punctul-de-lucru-al-infractorilor-Mihai-Adrian-procurator---i-Diaconu-mili--ian-ling--u-400x223.jpg\" alt=\"Punctul de lucru al infractorilor, Mihai Adrian procurator \u015fi Diaconu, mili\u0163ian ling\u0103u\" width=\"400\" height=\"223\" \/><figcaption id=\"caption-attachment-3675\" class=\"wp-caption-text\">Punctul de lucru al infractorilor, Mihai Adrian procurator \u015fi Diaconu, mili\u0163ian ling\u0103u<\/figcaption><\/figure>\n<p>de euro. Competen\u0163a le revenea chiar infractorilor DNA:\u00a0 Adrian Mihai \u015fi Diaconu. Au \u00eentocmit o ordonan\u0163\u0103 de tot rahatul, au min\u0163it \u00een ea c\u0103 ar fi efectuat urm\u0103rirea penal\u0103, dar f\u0103r\u0103 nicio verificare din cele solicitate de directorul Iulian Ratea pentru a se confirma faptele penale s\u0103v\u00e2r\u015fite de infractori. \u015ei-au b\u0103tut joc de munca noastr\u0103, i-au sc\u0103pat pe to\u0163i infractorii \u015fi-au tras \u015fp\u0103gile am\u00e2ndoi \u015fi Mihai Adrian \u015fi Diaconu, acum stau \u015fi chefuiesc cu femei \u015fi-au pus \u015fi bani deoparte, euroi, c\u0103 doar str\u00e2ng buget gras anual de la infractori. Bravo lor, cinste nou\u0103 c\u0103-i vom lega str\u00e2ns.<br \/>\n1.Solicit\u0103m\u00a0 s\u0103 li se verifice convorbirile telefonice \u00eentre ei pentru a se stabili prietenia cu infractorii<\/p>\n<figure id=\"attachment_3676\" aria-describedby=\"caption-attachment-3676\" style=\"width: 240px\" class=\"wp-caption alignright\"><img loading=\"lazy\" decoding=\"async\" class=\"size-full wp-image-3676\" src=\"http:\/\/www.editiespecialapress.ro\/wp\/wp-content\/uploads\/2016\/03\/Sec--ia-nr.-4-Pite--ti-punctul-de-lucru-al-infractoarei-bolnave-psihic-mili--ianca-Radu-Raluca.jpg\" alt=\"Sec\u0163ia nr. 4 Pite\u015fti, punctul de lucru al infractoarei bolnave psihic, mili\u0163ianca Radu Raluca\" width=\"240\" height=\"180\" \/><figcaption id=\"caption-attachment-3676\" class=\"wp-caption-text\">Sec\u0163ia nr. 4 Pite\u015fti, punctul de lucru al infractoarei bolnave psihic, mili\u0163ianca Radu Raluca<\/figcaption><\/figure>\n<p>mili\u0163ieni ai IPJ Arge\u015f \u015fi mita primit\u0103 de Mihai Adrian \u015fi Diaconu.<\/p>\n<ol start=\"2\">\n<li>Solicit\u0103m s\u0103 se dispun\u0103 monitoriz\u0103ri de tot felul, ofi\u0163erii sub acoperire pentru a fi prin\u015fi \u00een flagrant \u00een viitorul apropiat.<\/li>\n<li>Solicit\u0103m autosesizare din partea prim-procurorului DNA Bucure\u015fti.<\/li>\n<\/ol>\n<p>Articol de Crav\u0103\u0163 Ionu\u0163<\/p>\n","protected":false},"excerpt":{"rendered":"<p>Bestiile societ\u0103\u0163ii, procuror Adrian Mihai \u015fi ofi\u0163erul Diaconu de la DNA Pite\u015fti au favorizat pe infractorul \u015fef al IPJ Arge\u015f, chestor de carton, Ispir Ionel, \u015fi pe to\u0163i ofi\u0163erii de la corpul de control al acestuia, precum \u015fi pe subinspectorul Radu Raluca de la Sec\u0163ia nr. 4 Mili\u0163ie Pite\u015fti, de asemeni, \u015fi pe primarii ora\u015fului [&hellip;]<\/p>\n","protected":false},"author":2,"featured_media":3677,"comment_status":"closed","ping_status":"open","sticky":false,"template":"","format":"standard","meta":{"footnotes":""},"categories":[2],"tags":[256,140,257,258,193],"class_list":{"0":"post-3670","1":"post","2":"type-post","3":"status-publish","4":"format-standard","5":"has-post-thumbnail","7":"category-ancheta","8":"tag-gheorghe-nicut","9":"tag-ionel-ispir","10":"tag-mihai-adrian","11":"tag-primarul-diaconul-curtea-de-arges","12":"tag-sectia-nr-4-militie-pitesti"},"_links":{"self":[{"href":"https:\/\/www.editiespecialapress.ro\/newtest\/wp-json\/wp\/v2\/posts\/3670","targetHints":{"allow":["GET"]}}],"collection":[{"href":"https:\/\/www.editiespecialapress.ro\/newtest\/wp-json\/wp\/v2\/posts"}],"about":[{"href":"https:\/\/www.editiespecialapress.ro\/newtest\/wp-json\/wp\/v2\/types\/post"}],"author":[{"embeddable":true,"href":"https:\/\/www.editiespecialapress.ro\/newtest\/wp-json\/wp\/v2\/users\/2"}],"replies":[{"embeddable":true,"href":"https:\/\/www.editiespecialapress.ro\/newtest\/wp-json\/wp\/v2\/comments?post=3670"}],"version-history":[{"count":0,"href":"https:\/\/www.editiespecialapress.ro\/newtest\/wp-json\/wp\/v2\/posts\/3670\/revisions"}],"wp:featuredmedia":[{"embeddable":true,"href":"https:\/\/www.editiespecialapress.ro\/newtest\/wp-json\/"}],"wp:attachment":[{"href":"https:\/\/www.editiespecialapress.ro\/newtest\/wp-json\/wp\/v2\/media?parent=3670"}],"wp:term":[{"taxonomy":"category","embeddable":true,"href":"https:\/\/www.editiespecialapress.ro\/newtest\/wp-json\/wp\/v2\/categories?post=3670"},{"taxonomy":"post_tag","embeddable":true,"href":"https:\/\/www.editiespecialapress.ro\/newtest\/wp-json\/wp\/v2\/tags?post=3670"}],"curies":[{"name":"wp","href":"https:\/\/api.w.org\/{rel}","templated":true}]}}