{"id":3751,"date":"2016-04-25T00:10:54","date_gmt":"2016-04-24T21:10:54","guid":{"rendered":"http:\/\/www.editiespecialapress.ro\/?p=3751"},"modified":"2016-04-25T00:10:54","modified_gmt":"2016-04-24T21:10:54","slug":"urare-de-paste-albestii-de-arges","status":"publish","type":"post","link":"https:\/\/www.editiespecialapress.ro\/newtest\/2016\/04\/25\/urare-de-paste-albestii-de-arges\/","title":{"rendered":"Urare de pa\u015fte &#8211;  Albe\u015ftii de Arge\u015f"},"content":{"rendered":"<p>Fie ca lumina \u00cenvierii M\u00e2ntuitorului s\u0103 v\u0103 inunde casa \u015fi s\u0103 v\u0103 aduc\u0103 numai armonie, fericire \u015fi mult\u0103 iubire. Pa\u015fte fericit!<\/p>\n<p>Prim\u0103ria Albe\u015ftii de Arge\u015f, primar Sava Vasile \u015fi angaja\u0163ii prim\u0103riei<\/p>\n","protected":false},"excerpt":{"rendered":"<p>Fie ca lumina \u00cenvierii M\u00e2ntuitorului s\u0103 v\u0103 inunde casa \u015fi s\u0103 v\u0103 aduc\u0103 numai armonie, fericire \u015fi mult\u0103 iubire. Pa\u015fte fericit! Prim\u0103ria Albe\u015ftii de Arge\u015f, primar Sava Vasile \u015fi angaja\u0163ii prim\u0103riei<\/p>\n","protected":false},"author":2,"featured_media":3725,"comment_status":"closed","ping_status":"open","sticky":false,"template":"","format":"standard","meta":{"footnotes":""},"categories":[4],"tags":[],"class_list":{"0":"post-3751","1":"post","2":"type-post","3":"status-publish","4":"format-standard","5":"has-post-thumbnail","7":"category-felicitari"},"_links":{"self":[{"href":"https:\/\/www.editiespecialapress.ro\/newtest\/wp-json\/wp\/v2\/posts\/3751","targetHints":{"allow":["GET"]}}],"collection":[{"href":"https:\/\/www.editiespecialapress.ro\/newtest\/wp-json\/wp\/v2\/posts"}],"about":[{"href":"https:\/\/www.editiespecialapress.ro\/newtest\/wp-json\/wp\/v2\/types\/post"}],"author":[{"embeddable":true,"href":"https:\/\/www.editiespecialapress.ro\/newtest\/wp-json\/wp\/v2\/users\/2"}],"replies":[{"embeddable":true,"href":"https:\/\/www.editiespecialapress.ro\/newtest\/wp-json\/wp\/v2\/comments?post=3751"}],"version-history":[{"count":0,"href":"https:\/\/www.editiespecialapress.ro\/newtest\/wp-json\/wp\/v2\/posts\/3751\/revisions"}],"wp:featuredmedia":[{"embeddable":true,"href":"https:\/\/www.editiespecialapress.ro\/newtest\/wp-json\/"}],"wp:attachment":[{"href":"https:\/\/www.editiespecialapress.ro\/newtest\/wp-json\/wp\/v2\/media?parent=3751"}],"wp:term":[{"taxonomy":"category","embeddable":true,"href":"https:\/\/www.editiespecialapress.ro\/newtest\/wp-json\/wp\/v2\/categories?post=3751"},{"taxonomy":"post_tag","embeddable":true,"href":"https:\/\/www.editiespecialapress.ro\/newtest\/wp-json\/wp\/v2\/tags?post=3751"}],"curies":[{"name":"wp","href":"https:\/\/api.w.org\/{rel}","templated":true}]}}