{"id":3755,"date":"2016-04-25T00:13:56","date_gmt":"2016-04-24T21:13:56","guid":{"rendered":"http:\/\/www.editiespecialapress.ro\/?p=3755"},"modified":"2016-04-25T00:13:56","modified_gmt":"2016-04-24T21:13:56","slug":"urare-paste-barla","status":"publish","type":"post","link":"https:\/\/www.editiespecialapress.ro\/newtest\/2016\/04\/25\/urare-paste-barla\/","title":{"rendered":"Urare paste &#8211; B\u00e2rla"},"content":{"rendered":"<p>Sunt zile cand trebuie s\u0103 ne reamintim s\u0103 fim mai buni, mai plini de dragoste, cu inima cald\u0103 \u015fi mai deschis\u0103, c\u00e2nd lumina sf\u00e2nt\u0103 coboar\u0103 \u00een casele \u015fi \u00een inimile noastre. Pa\u015fte Fericit!<\/p>\n<p>Prim\u0103ria B\u00e2rla AG, primar Neac\u015fu Ion \u015fi angaja\u0163ii prim\u0103riei<\/p>\n","protected":false},"excerpt":{"rendered":"<p>Sunt zile cand trebuie s\u0103 ne reamintim s\u0103 fim mai buni, mai plini de dragoste, cu inima cald\u0103 \u015fi mai deschis\u0103, c\u00e2nd lumina sf\u00e2nt\u0103 coboar\u0103 \u00een casele \u015fi \u00een inimile noastre. Pa\u015fte Fericit! Prim\u0103ria B\u00e2rla AG, primar Neac\u015fu Ion \u015fi angaja\u0163ii prim\u0103riei<\/p>\n","protected":false},"author":2,"featured_media":3727,"comment_status":"closed","ping_status":"open","sticky":false,"template":"","format":"standard","meta":{"footnotes":""},"categories":[4],"tags":[],"class_list":{"0":"post-3755","1":"post","2":"type-post","3":"status-publish","4":"format-standard","5":"has-post-thumbnail","7":"category-felicitari"},"_links":{"self":[{"href":"https:\/\/www.editiespecialapress.ro\/newtest\/wp-json\/wp\/v2\/posts\/3755","targetHints":{"allow":["GET"]}}],"collection":[{"href":"https:\/\/www.editiespecialapress.ro\/newtest\/wp-json\/wp\/v2\/posts"}],"about":[{"href":"https:\/\/www.editiespecialapress.ro\/newtest\/wp-json\/wp\/v2\/types\/post"}],"author":[{"embeddable":true,"href":"https:\/\/www.editiespecialapress.ro\/newtest\/wp-json\/wp\/v2\/users\/2"}],"replies":[{"embeddable":true,"href":"https:\/\/www.editiespecialapress.ro\/newtest\/wp-json\/wp\/v2\/comments?post=3755"}],"version-history":[{"count":0,"href":"https:\/\/www.editiespecialapress.ro\/newtest\/wp-json\/wp\/v2\/posts\/3755\/revisions"}],"wp:featuredmedia":[{"embeddable":true,"href":"https:\/\/www.editiespecialapress.ro\/newtest\/wp-json\/"}],"wp:attachment":[{"href":"https:\/\/www.editiespecialapress.ro\/newtest\/wp-json\/wp\/v2\/media?parent=3755"}],"wp:term":[{"taxonomy":"category","embeddable":true,"href":"https:\/\/www.editiespecialapress.ro\/newtest\/wp-json\/wp\/v2\/categories?post=3755"},{"taxonomy":"post_tag","embeddable":true,"href":"https:\/\/www.editiespecialapress.ro\/newtest\/wp-json\/wp\/v2\/tags?post=3755"}],"curies":[{"name":"wp","href":"https:\/\/api.w.org\/{rel}","templated":true}]}}