{"id":3757,"date":"2016-04-25T00:14:41","date_gmt":"2016-04-24T21:14:41","guid":{"rendered":"http:\/\/www.editiespecialapress.ro\/?p=3757"},"modified":"2016-04-25T00:14:41","modified_gmt":"2016-04-24T21:14:41","slug":"urare-paste-godeni","status":"publish","type":"post","link":"https:\/\/www.editiespecialapress.ro\/newtest\/2016\/04\/25\/urare-paste-godeni\/","title":{"rendered":"Urare paste  &#8211; Godeni"},"content":{"rendered":"<p>Lumina \u015fi c\u0103ldura Pa\u015ftelui s\u0103 ne \u00eenc\u0103lzeasc\u0103 sufletele, s\u0103 ne lumineze min\u0163ile, s\u0103 ne deschid\u0103 inimile spre iubire, credin\u0163a \u015fi iertare. S\u0103 fim mai buni, s\u0103 ne bucur\u0103m din plin de frumuse\u0163ea tuturor lucrurilor care ne \u00eenconjoar\u0103 \u015fi s\u0103 d\u0103ruim iubire celor dragi. Pa\u015fte fericit!<\/p>\n<p>Prim\u0103ria Godeni AG, primar P\u0103dureanu Ion \u015fi angaja\u0163ii prim\u0103riei<\/p>\n","protected":false},"excerpt":{"rendered":"<p>Lumina \u015fi c\u0103ldura Pa\u015ftelui s\u0103 ne \u00eenc\u0103lzeasc\u0103 sufletele, s\u0103 ne lumineze min\u0163ile, s\u0103 ne deschid\u0103 inimile spre iubire, credin\u0163a \u015fi iertare. S\u0103 fim mai buni, s\u0103 ne bucur\u0103m din plin de frumuse\u0163ea tuturor lucrurilor care ne \u00eenconjoar\u0103 \u015fi s\u0103 d\u0103ruim iubire celor dragi. Pa\u015fte fericit! Prim\u0103ria Godeni AG, primar P\u0103dureanu Ion \u015fi angaja\u0163ii prim\u0103riei<\/p>\n","protected":false},"author":2,"featured_media":3731,"comment_status":"closed","ping_status":"open","sticky":false,"template":"","format":"standard","meta":{"footnotes":""},"categories":[4],"tags":[],"class_list":{"0":"post-3757","1":"post","2":"type-post","3":"status-publish","4":"format-standard","5":"has-post-thumbnail","7":"category-felicitari"},"_links":{"self":[{"href":"https:\/\/www.editiespecialapress.ro\/newtest\/wp-json\/wp\/v2\/posts\/3757","targetHints":{"allow":["GET"]}}],"collection":[{"href":"https:\/\/www.editiespecialapress.ro\/newtest\/wp-json\/wp\/v2\/posts"}],"about":[{"href":"https:\/\/www.editiespecialapress.ro\/newtest\/wp-json\/wp\/v2\/types\/post"}],"author":[{"embeddable":true,"href":"https:\/\/www.editiespecialapress.ro\/newtest\/wp-json\/wp\/v2\/users\/2"}],"replies":[{"embeddable":true,"href":"https:\/\/www.editiespecialapress.ro\/newtest\/wp-json\/wp\/v2\/comments?post=3757"}],"version-history":[{"count":0,"href":"https:\/\/www.editiespecialapress.ro\/newtest\/wp-json\/wp\/v2\/posts\/3757\/revisions"}],"wp:featuredmedia":[{"embeddable":true,"href":"https:\/\/www.editiespecialapress.ro\/newtest\/wp-json\/"}],"wp:attachment":[{"href":"https:\/\/www.editiespecialapress.ro\/newtest\/wp-json\/wp\/v2\/media?parent=3757"}],"wp:term":[{"taxonomy":"category","embeddable":true,"href":"https:\/\/www.editiespecialapress.ro\/newtest\/wp-json\/wp\/v2\/categories?post=3757"},{"taxonomy":"post_tag","embeddable":true,"href":"https:\/\/www.editiespecialapress.ro\/newtest\/wp-json\/wp\/v2\/tags?post=3757"}],"curies":[{"name":"wp","href":"https:\/\/api.w.org\/{rel}","templated":true}]}}