{"id":3763,"date":"2016-04-25T00:17:00","date_gmt":"2016-04-24T21:17:00","guid":{"rendered":"http:\/\/www.editiespecialapress.ro\/?p=3763"},"modified":"2016-04-25T00:17:00","modified_gmt":"2016-04-24T21:17:00","slug":"poiana-lacului","status":"publish","type":"post","link":"https:\/\/www.editiespecialapress.ro\/newtest\/2016\/04\/25\/poiana-lacului\/","title":{"rendered":"Urare paste &#8211; Poiana Lacului"},"content":{"rendered":"<p>S\u0103 v\u0103 bucure Dumnezeu, s\u0103 v\u0103 dea s\u0103n\u0103tate, s\u0103 fi\u0163i \u00eempreun\u0103 c\u00e2t mai mult timp, iar bucuriile s\u0103 \u0163in\u0103 la distan\u0163\u0103 toate necazurile! Pa\u015fte fericit!<\/p>\n<p>Prim\u0103ria Poiana Lacului AG, primar Dumitrache Ion \u015fi angaja\u0163ii prim\u0103riei<\/p>\n","protected":false},"excerpt":{"rendered":"<p>S\u0103 v\u0103 bucure Dumnezeu, s\u0103 v\u0103 dea s\u0103n\u0103tate, s\u0103 fi\u0163i \u00eempreun\u0103 c\u00e2t mai mult timp, iar bucuriile s\u0103 \u0163in\u0103 la distan\u0163\u0103 toate necazurile! Pa\u015fte fericit! Prim\u0103ria Poiana Lacului AG, primar Dumitrache Ion \u015fi angaja\u0163ii prim\u0103riei<\/p>\n","protected":false},"author":2,"featured_media":3734,"comment_status":"closed","ping_status":"open","sticky":false,"template":"","format":"standard","meta":{"footnotes":""},"categories":[4],"tags":[],"class_list":{"0":"post-3763","1":"post","2":"type-post","3":"status-publish","4":"format-standard","5":"has-post-thumbnail","7":"category-felicitari"},"_links":{"self":[{"href":"https:\/\/www.editiespecialapress.ro\/newtest\/wp-json\/wp\/v2\/posts\/3763","targetHints":{"allow":["GET"]}}],"collection":[{"href":"https:\/\/www.editiespecialapress.ro\/newtest\/wp-json\/wp\/v2\/posts"}],"about":[{"href":"https:\/\/www.editiespecialapress.ro\/newtest\/wp-json\/wp\/v2\/types\/post"}],"author":[{"embeddable":true,"href":"https:\/\/www.editiespecialapress.ro\/newtest\/wp-json\/wp\/v2\/users\/2"}],"replies":[{"embeddable":true,"href":"https:\/\/www.editiespecialapress.ro\/newtest\/wp-json\/wp\/v2\/comments?post=3763"}],"version-history":[{"count":0,"href":"https:\/\/www.editiespecialapress.ro\/newtest\/wp-json\/wp\/v2\/posts\/3763\/revisions"}],"wp:featuredmedia":[{"embeddable":true,"href":"https:\/\/www.editiespecialapress.ro\/newtest\/wp-json\/"}],"wp:attachment":[{"href":"https:\/\/www.editiespecialapress.ro\/newtest\/wp-json\/wp\/v2\/media?parent=3763"}],"wp:term":[{"taxonomy":"category","embeddable":true,"href":"https:\/\/www.editiespecialapress.ro\/newtest\/wp-json\/wp\/v2\/categories?post=3763"},{"taxonomy":"post_tag","embeddable":true,"href":"https:\/\/www.editiespecialapress.ro\/newtest\/wp-json\/wp\/v2\/tags?post=3763"}],"curies":[{"name":"wp","href":"https:\/\/api.w.org\/{rel}","templated":true}]}}