{"id":3774,"date":"2016-04-25T00:21:31","date_gmt":"2016-04-24T21:21:31","guid":{"rendered":"http:\/\/www.editiespecialapress.ro\/?p=3774"},"modified":"2016-04-25T00:21:31","modified_gmt":"2016-04-24T21:21:31","slug":"urare-paste-cosesti","status":"publish","type":"post","link":"https:\/\/www.editiespecialapress.ro\/newtest\/2016\/04\/25\/urare-paste-cosesti\/","title":{"rendered":"Urare paste &#8211; Co\u015fe\u015fti"},"content":{"rendered":"<p>Fie ca sfintele s\u0103rb\u0103tori de Pa\u0219ti s\u0103 v\u0103 aduc\u0103 lumin\u0103 \u0219i lini\u0219te sufleteasc\u0103. S\u0103 v\u0103 vegheze \u00eengerii iert\u0103rii \u0219i p\u0103cii \u0219i frumoasa prim\u0103var\u0103 s\u0103 v\u0103 intre \u00een suflet. Pa\u015fte fericit!<\/p>\n<p>Prim\u0103ria Co\u015fe\u015fti AG, primar Tudose Elisaveta \u015fi angaja\u0163ii prim\u0103riei<\/p>\n","protected":false},"excerpt":{"rendered":"<p>Fie ca sfintele s\u0103rb\u0103tori de Pa\u0219ti s\u0103 v\u0103 aduc\u0103 lumin\u0103 \u0219i lini\u0219te sufleteasc\u0103. S\u0103 v\u0103 vegheze \u00eengerii iert\u0103rii \u0219i p\u0103cii \u0219i frumoasa prim\u0103var\u0103 s\u0103 v\u0103 intre \u00een suflet. Pa\u015fte fericit! Prim\u0103ria Co\u015fe\u015fti AG, primar Tudose Elisaveta \u015fi angaja\u0163ii prim\u0103riei<\/p>\n","protected":false},"author":2,"featured_media":3729,"comment_status":"closed","ping_status":"open","sticky":false,"template":"","format":"standard","meta":{"footnotes":""},"categories":[4],"tags":[],"class_list":{"0":"post-3774","1":"post","2":"type-post","3":"status-publish","4":"format-standard","5":"has-post-thumbnail","7":"category-felicitari"},"_links":{"self":[{"href":"https:\/\/www.editiespecialapress.ro\/newtest\/wp-json\/wp\/v2\/posts\/3774","targetHints":{"allow":["GET"]}}],"collection":[{"href":"https:\/\/www.editiespecialapress.ro\/newtest\/wp-json\/wp\/v2\/posts"}],"about":[{"href":"https:\/\/www.editiespecialapress.ro\/newtest\/wp-json\/wp\/v2\/types\/post"}],"author":[{"embeddable":true,"href":"https:\/\/www.editiespecialapress.ro\/newtest\/wp-json\/wp\/v2\/users\/2"}],"replies":[{"embeddable":true,"href":"https:\/\/www.editiespecialapress.ro\/newtest\/wp-json\/wp\/v2\/comments?post=3774"}],"version-history":[{"count":0,"href":"https:\/\/www.editiespecialapress.ro\/newtest\/wp-json\/wp\/v2\/posts\/3774\/revisions"}],"wp:featuredmedia":[{"embeddable":true,"href":"https:\/\/www.editiespecialapress.ro\/newtest\/wp-json\/"}],"wp:attachment":[{"href":"https:\/\/www.editiespecialapress.ro\/newtest\/wp-json\/wp\/v2\/media?parent=3774"}],"wp:term":[{"taxonomy":"category","embeddable":true,"href":"https:\/\/www.editiespecialapress.ro\/newtest\/wp-json\/wp\/v2\/categories?post=3774"},{"taxonomy":"post_tag","embeddable":true,"href":"https:\/\/www.editiespecialapress.ro\/newtest\/wp-json\/wp\/v2\/tags?post=3774"}],"curies":[{"name":"wp","href":"https:\/\/api.w.org\/{rel}","templated":true}]}}