{"id":3995,"date":"2016-08-15T14:59:31","date_gmt":"2016-08-15T11:59:31","guid":{"rendered":"http:\/\/www.editiespecialapress.ro\/?p=3995"},"modified":"2016-08-15T14:59:31","modified_gmt":"2016-08-15T11:59:31","slug":"urare-de-sfanta-maria-editie-speciala-press","status":"publish","type":"post","link":"https:\/\/www.editiespecialapress.ro\/newtest\/2016\/08\/15\/urare-de-sfanta-maria-editie-speciala-press\/","title":{"rendered":"Urare de Sf\u00e2nta Maria &#8211; Edi\u0163ie Special\u0103 Press"},"content":{"rendered":"<p>De Sf\u00e2nta Maria, zi de mare s\u0103rb\u0103toare, primi\u0163i din partea noastr\u0103 cele mai sincere ur\u0103ri de bine, s\u0103n\u0103tate, mult noroc \u015fi \u00eemplinirea tuturor dorin\u021belor.<\/p>\n<p style=\"text-align: center;\">La mul\u0163i ani de Sf\u00e2nta Maria!<\/p>\n<p style=\"text-align: right;\"><strong>Edi\u0163ie Special\u0103 Press, director Ratea Iulian \u015fi toat\u0103 redac\u0163ia <\/strong><\/p>\n","protected":false},"excerpt":{"rendered":"<p>De Sf\u00e2nta Maria, zi de mare s\u0103rb\u0103toare, primi\u0163i din partea noastr\u0103 cele mai sincere ur\u0103ri de bine, s\u0103n\u0103tate, mult noroc \u015fi \u00eemplinirea tuturor dorin\u021belor. La mul\u0163i ani de Sf\u00e2nta Maria! Edi\u0163ie Special\u0103 Press, director Ratea Iulian \u015fi toat\u0103 redac\u0163ia<\/p>\n","protected":false},"author":2,"featured_media":3991,"comment_status":"closed","ping_status":"open","sticky":false,"template":"","format":"standard","meta":{"footnotes":""},"categories":[4],"tags":[],"class_list":{"0":"post-3995","1":"post","2":"type-post","3":"status-publish","4":"format-standard","5":"has-post-thumbnail","7":"category-felicitari"},"_links":{"self":[{"href":"https:\/\/www.editiespecialapress.ro\/newtest\/wp-json\/wp\/v2\/posts\/3995","targetHints":{"allow":["GET"]}}],"collection":[{"href":"https:\/\/www.editiespecialapress.ro\/newtest\/wp-json\/wp\/v2\/posts"}],"about":[{"href":"https:\/\/www.editiespecialapress.ro\/newtest\/wp-json\/wp\/v2\/types\/post"}],"author":[{"embeddable":true,"href":"https:\/\/www.editiespecialapress.ro\/newtest\/wp-json\/wp\/v2\/users\/2"}],"replies":[{"embeddable":true,"href":"https:\/\/www.editiespecialapress.ro\/newtest\/wp-json\/wp\/v2\/comments?post=3995"}],"version-history":[{"count":0,"href":"https:\/\/www.editiespecialapress.ro\/newtest\/wp-json\/wp\/v2\/posts\/3995\/revisions"}],"wp:featuredmedia":[{"embeddable":true,"href":"https:\/\/www.editiespecialapress.ro\/newtest\/wp-json\/"}],"wp:attachment":[{"href":"https:\/\/www.editiespecialapress.ro\/newtest\/wp-json\/wp\/v2\/media?parent=3995"}],"wp:term":[{"taxonomy":"category","embeddable":true,"href":"https:\/\/www.editiespecialapress.ro\/newtest\/wp-json\/wp\/v2\/categories?post=3995"},{"taxonomy":"post_tag","embeddable":true,"href":"https:\/\/www.editiespecialapress.ro\/newtest\/wp-json\/wp\/v2\/tags?post=3995"}],"curies":[{"name":"wp","href":"https:\/\/api.w.org\/{rel}","templated":true}]}}