{"id":3997,"date":"2016-08-15T15:00:36","date_gmt":"2016-08-15T12:00:36","guid":{"rendered":"http:\/\/www.editiespecialapress.ro\/?p=3997"},"modified":"2016-08-15T15:00:36","modified_gmt":"2016-08-15T12:00:36","slug":"urare-de-sfanta-maria-primaria-vedea","status":"publish","type":"post","link":"https:\/\/www.editiespecialapress.ro\/newtest\/2016\/08\/15\/urare-de-sfanta-maria-primaria-vedea\/","title":{"rendered":"Urare de Sf\u00e2nta Maria &#8211; Prim\u0103ria Vedea"},"content":{"rendered":"<p>De ziua numelui dumneavoastr\u0103, v\u0103 dorim tot binele din lume, noroc, fericire \u015fi s\u0103n\u0103tate. S\u0103 se \u00eendeplineasc\u0103 toate dorin\u021bele pe care o sa vi le pune\u0163i.<\/p>\n<p style=\"text-align: center;\">La mul\u021bi ani de Sf\u00e2nta Maria!<\/p>\n<p style=\"text-align: right;\"><strong>Prim\u0103ria Vedea (AG), primar Dochinoiu Nicolae \u015fi angaja\u0163ii prim\u0103riei<\/strong><\/p>\n","protected":false},"excerpt":{"rendered":"<p>De ziua numelui dumneavoastr\u0103, v\u0103 dorim tot binele din lume, noroc, fericire \u015fi s\u0103n\u0103tate. S\u0103 se \u00eendeplineasc\u0103 toate dorin\u021bele pe care o sa vi le pune\u0163i. La mul\u021bi ani de Sf\u00e2nta Maria! Prim\u0103ria Vedea (AG), primar Dochinoiu Nicolae \u015fi angaja\u0163ii prim\u0103riei<\/p>\n","protected":false},"author":2,"featured_media":3994,"comment_status":"closed","ping_status":"open","sticky":false,"template":"","format":"standard","meta":{"footnotes":""},"categories":[4],"tags":[],"class_list":{"0":"post-3997","1":"post","2":"type-post","3":"status-publish","4":"format-standard","5":"has-post-thumbnail","7":"category-felicitari"},"_links":{"self":[{"href":"https:\/\/www.editiespecialapress.ro\/newtest\/wp-json\/wp\/v2\/posts\/3997","targetHints":{"allow":["GET"]}}],"collection":[{"href":"https:\/\/www.editiespecialapress.ro\/newtest\/wp-json\/wp\/v2\/posts"}],"about":[{"href":"https:\/\/www.editiespecialapress.ro\/newtest\/wp-json\/wp\/v2\/types\/post"}],"author":[{"embeddable":true,"href":"https:\/\/www.editiespecialapress.ro\/newtest\/wp-json\/wp\/v2\/users\/2"}],"replies":[{"embeddable":true,"href":"https:\/\/www.editiespecialapress.ro\/newtest\/wp-json\/wp\/v2\/comments?post=3997"}],"version-history":[{"count":0,"href":"https:\/\/www.editiespecialapress.ro\/newtest\/wp-json\/wp\/v2\/posts\/3997\/revisions"}],"wp:featuredmedia":[{"embeddable":true,"href":"https:\/\/www.editiespecialapress.ro\/newtest\/wp-json\/"}],"wp:attachment":[{"href":"https:\/\/www.editiespecialapress.ro\/newtest\/wp-json\/wp\/v2\/media?parent=3997"}],"wp:term":[{"taxonomy":"category","embeddable":true,"href":"https:\/\/www.editiespecialapress.ro\/newtest\/wp-json\/wp\/v2\/categories?post=3997"},{"taxonomy":"post_tag","embeddable":true,"href":"https:\/\/www.editiespecialapress.ro\/newtest\/wp-json\/wp\/v2\/tags?post=3997"}],"curies":[{"name":"wp","href":"https:\/\/api.w.org\/{rel}","templated":true}]}}