{"id":3999,"date":"2016-08-15T15:01:16","date_gmt":"2016-08-15T12:01:16","guid":{"rendered":"http:\/\/www.editiespecialapress.ro\/?p=3999"},"modified":"2016-08-15T15:01:16","modified_gmt":"2016-08-15T12:01:16","slug":"urare-de-sfanta-maria-primaria-suici","status":"publish","type":"post","link":"https:\/\/www.editiespecialapress.ro\/newtest\/2016\/08\/15\/urare-de-sfanta-maria-primaria-suici\/","title":{"rendered":"Urare de Sf\u00e2nta Maria &#8211; Prim\u0103ria \u015euici"},"content":{"rendered":"<p>Fie ca din aceast\u0103 zi sf\u00e2nt\u0103, \u00een drumul lin al vie\u021bii dumneavoastr\u0103 s\u0103 r\u0103sar\u0103 mereu c\u00e2te-o raza de soare care s\u0103 v\u0103 aduc\u0103 fericire \u015fi bucurie.<\/p>\n<p style=\"text-align: center;\">La mul\u021bi ani de Sf\u00e2nta Maria!<\/p>\n<p style=\"text-align: right;\"><strong>Prim\u0103ria \u015euici (AG), primar Iatagan Constantin \u015fi angaja\u0163ii prim\u0103riei<\/strong><\/p>\n","protected":false},"excerpt":{"rendered":"<p>Fie ca din aceast\u0103 zi sf\u00e2nt\u0103, \u00een drumul lin al vie\u021bii dumneavoastr\u0103 s\u0103 r\u0103sar\u0103 mereu c\u00e2te-o raza de soare care s\u0103 v\u0103 aduc\u0103 fericire \u015fi bucurie. La mul\u021bi ani de Sf\u00e2nta Maria! Prim\u0103ria \u015euici (AG), primar Iatagan Constantin \u015fi angaja\u0163ii prim\u0103riei<\/p>\n","protected":false},"author":2,"featured_media":3993,"comment_status":"closed","ping_status":"open","sticky":false,"template":"","format":"standard","meta":{"footnotes":""},"categories":[4],"tags":[],"class_list":{"0":"post-3999","1":"post","2":"type-post","3":"status-publish","4":"format-standard","5":"has-post-thumbnail","7":"category-felicitari"},"_links":{"self":[{"href":"https:\/\/www.editiespecialapress.ro\/newtest\/wp-json\/wp\/v2\/posts\/3999","targetHints":{"allow":["GET"]}}],"collection":[{"href":"https:\/\/www.editiespecialapress.ro\/newtest\/wp-json\/wp\/v2\/posts"}],"about":[{"href":"https:\/\/www.editiespecialapress.ro\/newtest\/wp-json\/wp\/v2\/types\/post"}],"author":[{"embeddable":true,"href":"https:\/\/www.editiespecialapress.ro\/newtest\/wp-json\/wp\/v2\/users\/2"}],"replies":[{"embeddable":true,"href":"https:\/\/www.editiespecialapress.ro\/newtest\/wp-json\/wp\/v2\/comments?post=3999"}],"version-history":[{"count":0,"href":"https:\/\/www.editiespecialapress.ro\/newtest\/wp-json\/wp\/v2\/posts\/3999\/revisions"}],"wp:featuredmedia":[{"embeddable":true,"href":"https:\/\/www.editiespecialapress.ro\/newtest\/wp-json\/"}],"wp:attachment":[{"href":"https:\/\/www.editiespecialapress.ro\/newtest\/wp-json\/wp\/v2\/media?parent=3999"}],"wp:term":[{"taxonomy":"category","embeddable":true,"href":"https:\/\/www.editiespecialapress.ro\/newtest\/wp-json\/wp\/v2\/categories?post=3999"},{"taxonomy":"post_tag","embeddable":true,"href":"https:\/\/www.editiespecialapress.ro\/newtest\/wp-json\/wp\/v2\/tags?post=3999"}],"curies":[{"name":"wp","href":"https:\/\/api.w.org\/{rel}","templated":true}]}}