{"id":4003,"date":"2016-08-15T15:02:38","date_gmt":"2016-08-15T12:02:38","guid":{"rendered":"http:\/\/www.editiespecialapress.ro\/?p=4003"},"modified":"2016-08-15T15:02:38","modified_gmt":"2016-08-15T12:02:38","slug":"urare-de-sfanta-maria-primaria-bogati","status":"publish","type":"post","link":"https:\/\/www.editiespecialapress.ro\/newtest\/2016\/08\/15\/urare-de-sfanta-maria-primaria-bogati\/","title":{"rendered":"Urare de Sf\u00e2nta Maria &#8211; Prim\u0103ria Boga\u0163i"},"content":{"rendered":"<p>Este o zi c\u00e2nd sufletul \u00eenvinge orice urma de triste\u021be, c\u00e2nd tot ce a fost greu vi se pare u\u0219or. Este ziua numelui dumneavoastr\u0103.<\/p>\n<p style=\"text-align: center;\">La mul\u0163i ani de Sf\u00e2nta Maria!<\/p>\n<p style=\"text-align: right;\"><strong>Prim\u0103ria Boga\u0163i (AG), primar G\u00e2rleanu Ion \u015fi angaja\u0163ii prim\u0103riei<\/strong><\/p>\n","protected":false},"excerpt":{"rendered":"<p>Este o zi c\u00e2nd sufletul \u00eenvinge orice urma de triste\u021be, c\u00e2nd tot ce a fost greu vi se pare u\u0219or. Este ziua numelui dumneavoastr\u0103. La mul\u0163i ani de Sf\u00e2nta Maria! Prim\u0103ria Boga\u0163i (AG), primar G\u00e2rleanu Ion \u015fi angaja\u0163ii prim\u0103riei<\/p>\n","protected":false},"author":2,"featured_media":3990,"comment_status":"closed","ping_status":"open","sticky":false,"template":"","format":"standard","meta":{"footnotes":""},"categories":[4],"tags":[],"class_list":{"0":"post-4003","1":"post","2":"type-post","3":"status-publish","4":"format-standard","5":"has-post-thumbnail","7":"category-felicitari"},"_links":{"self":[{"href":"https:\/\/www.editiespecialapress.ro\/newtest\/wp-json\/wp\/v2\/posts\/4003","targetHints":{"allow":["GET"]}}],"collection":[{"href":"https:\/\/www.editiespecialapress.ro\/newtest\/wp-json\/wp\/v2\/posts"}],"about":[{"href":"https:\/\/www.editiespecialapress.ro\/newtest\/wp-json\/wp\/v2\/types\/post"}],"author":[{"embeddable":true,"href":"https:\/\/www.editiespecialapress.ro\/newtest\/wp-json\/wp\/v2\/users\/2"}],"replies":[{"embeddable":true,"href":"https:\/\/www.editiespecialapress.ro\/newtest\/wp-json\/wp\/v2\/comments?post=4003"}],"version-history":[{"count":0,"href":"https:\/\/www.editiespecialapress.ro\/newtest\/wp-json\/wp\/v2\/posts\/4003\/revisions"}],"wp:featuredmedia":[{"embeddable":true,"href":"https:\/\/www.editiespecialapress.ro\/newtest\/wp-json\/"}],"wp:attachment":[{"href":"https:\/\/www.editiespecialapress.ro\/newtest\/wp-json\/wp\/v2\/media?parent=4003"}],"wp:term":[{"taxonomy":"category","embeddable":true,"href":"https:\/\/www.editiespecialapress.ro\/newtest\/wp-json\/wp\/v2\/categories?post=4003"},{"taxonomy":"post_tag","embeddable":true,"href":"https:\/\/www.editiespecialapress.ro\/newtest\/wp-json\/wp\/v2\/tags?post=4003"}],"curies":[{"name":"wp","href":"https:\/\/api.w.org\/{rel}","templated":true}]}}