{"id":4054,"date":"2016-09-05T00:00:09","date_gmt":"2016-09-04T21:00:09","guid":{"rendered":"http:\/\/www.editiespecialapress.ro\/?p=4054"},"modified":"2016-09-05T00:00:09","modified_gmt":"2016-09-04T21:00:09","slug":"la-multi-ani-de-sfanta-maria-editie-speciala-press","status":"publish","type":"post","link":"https:\/\/www.editiespecialapress.ro\/newtest\/2016\/09\/05\/la-multi-ani-de-sfanta-maria-editie-speciala-press\/","title":{"rendered":"La mul\u0163i ani de Sf\u00e2nta Maria! &#8211; Edi\u0163ie Special\u0103 Press"},"content":{"rendered":"<p>V\u0103 ur\u0103m s\u0103 ave\u0163i o zi a numelui la fel de colorat\u0103 precum aripile unui fluture, la fel de fericit\u0103 precum c\u00e2ntecul privighetorii \u015fi la fel de frumoas\u0103 precum o gradin\u0103 plin\u0103 cu flori.<\/p>\n<p>La mul\u0163i ani de Sf\u00e2nta Maria!<\/p>\n<p>Edi\u0163ie Special\u0103 Press, director Ratea Iulian \u015fi toat\u0103 redac\u0163ia<\/p>\n","protected":false},"excerpt":{"rendered":"<p>V\u0103 ur\u0103m s\u0103 ave\u0163i o zi a numelui la fel de colorat\u0103 precum aripile unui fluture, la fel de fericit\u0103 precum c\u00e2ntecul privighetorii \u015fi la fel de frumoas\u0103 precum o gradin\u0103 plin\u0103 cu flori. La mul\u0163i ani de Sf\u00e2nta Maria! Edi\u0163ie Special\u0103 Press, director Ratea Iulian \u015fi toat\u0103 redac\u0163ia<\/p>\n","protected":false},"author":2,"featured_media":4039,"comment_status":"closed","ping_status":"open","sticky":false,"template":"","format":"standard","meta":{"footnotes":""},"categories":[4],"tags":[],"class_list":{"0":"post-4054","1":"post","2":"type-post","3":"status-publish","4":"format-standard","5":"has-post-thumbnail","7":"category-felicitari"},"_links":{"self":[{"href":"https:\/\/www.editiespecialapress.ro\/newtest\/wp-json\/wp\/v2\/posts\/4054","targetHints":{"allow":["GET"]}}],"collection":[{"href":"https:\/\/www.editiespecialapress.ro\/newtest\/wp-json\/wp\/v2\/posts"}],"about":[{"href":"https:\/\/www.editiespecialapress.ro\/newtest\/wp-json\/wp\/v2\/types\/post"}],"author":[{"embeddable":true,"href":"https:\/\/www.editiespecialapress.ro\/newtest\/wp-json\/wp\/v2\/users\/2"}],"replies":[{"embeddable":true,"href":"https:\/\/www.editiespecialapress.ro\/newtest\/wp-json\/wp\/v2\/comments?post=4054"}],"version-history":[{"count":0,"href":"https:\/\/www.editiespecialapress.ro\/newtest\/wp-json\/wp\/v2\/posts\/4054\/revisions"}],"wp:featuredmedia":[{"embeddable":true,"href":"https:\/\/www.editiespecialapress.ro\/newtest\/wp-json\/"}],"wp:attachment":[{"href":"https:\/\/www.editiespecialapress.ro\/newtest\/wp-json\/wp\/v2\/media?parent=4054"}],"wp:term":[{"taxonomy":"category","embeddable":true,"href":"https:\/\/www.editiespecialapress.ro\/newtest\/wp-json\/wp\/v2\/categories?post=4054"},{"taxonomy":"post_tag","embeddable":true,"href":"https:\/\/www.editiespecialapress.ro\/newtest\/wp-json\/wp\/v2\/tags?post=4054"}],"curies":[{"name":"wp","href":"https:\/\/api.w.org\/{rel}","templated":true}]}}