{"id":4056,"date":"2016-09-05T00:00:36","date_gmt":"2016-09-04T21:00:36","guid":{"rendered":"http:\/\/www.editiespecialapress.ro\/?p=4056"},"modified":"2016-09-05T00:00:36","modified_gmt":"2016-09-04T21:00:36","slug":"la-multi-ani-de-sfanta-maria-primaria-rociu","status":"publish","type":"post","link":"https:\/\/www.editiespecialapress.ro\/newtest\/2016\/09\/05\/la-multi-ani-de-sfanta-maria-primaria-rociu\/","title":{"rendered":"La mul\u0163i ani de Sf\u00e2nta Maria! &#8211; Prim\u0103ria Rociu"},"content":{"rendered":"<p>Fie ca din aceast\u0103 zi sf\u00e2nt\u0103, \u00een drumul lin al vie\u0163ii voastre s\u0103 r\u0103sar\u0103 mereu c\u00e2te-o raz\u0103 de soare care s\u0103 v\u0103 aduc\u0103 fericire \u015fi bucurie.<\/p>\n<p>La mul\u0163i ani de Sf\u00e2nta Maria!<\/p>\n<p>Prim\u0103ria Rociu, AG, primar B\u0103l\u0103\u015foiu Aurel, Consiliul Local \u015fi angaja\u0163ii prim\u0103riei<\/p>\n","protected":false},"excerpt":{"rendered":"<p>Fie ca din aceast\u0103 zi sf\u00e2nt\u0103, \u00een drumul lin al vie\u0163ii voastre s\u0103 r\u0103sar\u0103 mereu c\u00e2te-o raz\u0103 de soare care s\u0103 v\u0103 aduc\u0103 fericire \u015fi bucurie. La mul\u0163i ani de Sf\u00e2nta Maria! Prim\u0103ria Rociu, AG, primar B\u0103l\u0103\u015foiu Aurel, Consiliul Local \u015fi angaja\u0163ii prim\u0103riei<\/p>\n","protected":false},"author":2,"featured_media":4042,"comment_status":"closed","ping_status":"open","sticky":false,"template":"","format":"standard","meta":{"footnotes":""},"categories":[4],"tags":[],"class_list":{"0":"post-4056","1":"post","2":"type-post","3":"status-publish","4":"format-standard","5":"has-post-thumbnail","7":"category-felicitari"},"_links":{"self":[{"href":"https:\/\/www.editiespecialapress.ro\/newtest\/wp-json\/wp\/v2\/posts\/4056","targetHints":{"allow":["GET"]}}],"collection":[{"href":"https:\/\/www.editiespecialapress.ro\/newtest\/wp-json\/wp\/v2\/posts"}],"about":[{"href":"https:\/\/www.editiespecialapress.ro\/newtest\/wp-json\/wp\/v2\/types\/post"}],"author":[{"embeddable":true,"href":"https:\/\/www.editiespecialapress.ro\/newtest\/wp-json\/wp\/v2\/users\/2"}],"replies":[{"embeddable":true,"href":"https:\/\/www.editiespecialapress.ro\/newtest\/wp-json\/wp\/v2\/comments?post=4056"}],"version-history":[{"count":0,"href":"https:\/\/www.editiespecialapress.ro\/newtest\/wp-json\/wp\/v2\/posts\/4056\/revisions"}],"wp:featuredmedia":[{"embeddable":true,"href":"https:\/\/www.editiespecialapress.ro\/newtest\/wp-json\/"}],"wp:attachment":[{"href":"https:\/\/www.editiespecialapress.ro\/newtest\/wp-json\/wp\/v2\/media?parent=4056"}],"wp:term":[{"taxonomy":"category","embeddable":true,"href":"https:\/\/www.editiespecialapress.ro\/newtest\/wp-json\/wp\/v2\/categories?post=4056"},{"taxonomy":"post_tag","embeddable":true,"href":"https:\/\/www.editiespecialapress.ro\/newtest\/wp-json\/wp\/v2\/tags?post=4056"}],"curies":[{"name":"wp","href":"https:\/\/api.w.org\/{rel}","templated":true}]}}