{"id":4058,"date":"2016-09-05T00:00:38","date_gmt":"2016-09-04T21:00:38","guid":{"rendered":"http:\/\/www.editiespecialapress.ro\/?p=4058"},"modified":"2016-09-05T00:00:38","modified_gmt":"2016-09-04T21:00:38","slug":"la-multi-ani-de-sfanta-maria-primaria-poiana-lacului","status":"publish","type":"post","link":"https:\/\/www.editiespecialapress.ro\/newtest\/2016\/09\/05\/la-multi-ani-de-sfanta-maria-primaria-poiana-lacului\/","title":{"rendered":"La mul\u0163i ani de Sf\u00e2nta Maria! &#8211; Prim\u0103ria Poiana Lacului"},"content":{"rendered":"<p>\u00cen aceast\u0103 zi special\u0103, v\u0103 transmitem cele mai sincere ur\u0103ri. S\u0103 ave\u0163i o via\u0163\u0103 plin\u0103 de lucruri bune, iar Sf\u00e2nta Maria, al c\u0103rei nume \u00eel purta\u0163i, s\u0103 v\u0103 ocroteasc\u0103 mereu.<\/p>\n<p>La mul\u0163i ani de Sf\u00e2nta Maria!<\/p>\n<p>Prim\u0103ria Poiana Lacului, AG, primar Dumitrache Ion, Consiliul Local \u015fi angaja\u0163ii prim\u0103riei<\/p>\n","protected":false},"excerpt":{"rendered":"<p>\u00cen aceast\u0103 zi special\u0103, v\u0103 transmitem cele mai sincere ur\u0103ri. S\u0103 ave\u0163i o via\u0163\u0103 plin\u0103 de lucruri bune, iar Sf\u00e2nta Maria, al c\u0103rei nume \u00eel purta\u0163i, s\u0103 v\u0103 ocroteasc\u0103 mereu. La mul\u0163i ani de Sf\u00e2nta Maria! Prim\u0103ria Poiana Lacului, AG, primar Dumitrache Ion, Consiliul Local \u015fi angaja\u0163ii prim\u0103riei<\/p>\n","protected":false},"author":2,"featured_media":4041,"comment_status":"closed","ping_status":"open","sticky":false,"template":"","format":"standard","meta":{"footnotes":""},"categories":[4],"tags":[],"class_list":{"0":"post-4058","1":"post","2":"type-post","3":"status-publish","4":"format-standard","5":"has-post-thumbnail","7":"category-felicitari"},"_links":{"self":[{"href":"https:\/\/www.editiespecialapress.ro\/newtest\/wp-json\/wp\/v2\/posts\/4058","targetHints":{"allow":["GET"]}}],"collection":[{"href":"https:\/\/www.editiespecialapress.ro\/newtest\/wp-json\/wp\/v2\/posts"}],"about":[{"href":"https:\/\/www.editiespecialapress.ro\/newtest\/wp-json\/wp\/v2\/types\/post"}],"author":[{"embeddable":true,"href":"https:\/\/www.editiespecialapress.ro\/newtest\/wp-json\/wp\/v2\/users\/2"}],"replies":[{"embeddable":true,"href":"https:\/\/www.editiespecialapress.ro\/newtest\/wp-json\/wp\/v2\/comments?post=4058"}],"version-history":[{"count":0,"href":"https:\/\/www.editiespecialapress.ro\/newtest\/wp-json\/wp\/v2\/posts\/4058\/revisions"}],"wp:featuredmedia":[{"embeddable":true,"href":"https:\/\/www.editiespecialapress.ro\/newtest\/wp-json\/"}],"wp:attachment":[{"href":"https:\/\/www.editiespecialapress.ro\/newtest\/wp-json\/wp\/v2\/media?parent=4058"}],"wp:term":[{"taxonomy":"category","embeddable":true,"href":"https:\/\/www.editiespecialapress.ro\/newtest\/wp-json\/wp\/v2\/categories?post=4058"},{"taxonomy":"post_tag","embeddable":true,"href":"https:\/\/www.editiespecialapress.ro\/newtest\/wp-json\/wp\/v2\/tags?post=4058"}],"curies":[{"name":"wp","href":"https:\/\/api.w.org\/{rel}","templated":true}]}}