{"id":4060,"date":"2016-09-05T00:00:47","date_gmt":"2016-09-04T21:00:47","guid":{"rendered":"http:\/\/www.editiespecialapress.ro\/?p=4060"},"modified":"2016-09-05T00:00:47","modified_gmt":"2016-09-04T21:00:47","slug":"la-multi-ani-de-sfanta-maria-primaria-pietrosani","status":"publish","type":"post","link":"https:\/\/www.editiespecialapress.ro\/newtest\/2016\/09\/05\/la-multi-ani-de-sfanta-maria-primaria-pietrosani\/","title":{"rendered":"La mul\u0163i ani de Sf\u00e2nta Maria! &#8211; Prim\u0103ria Pietro\u015fani"},"content":{"rendered":"<p>Este o zi c\u00e2nd sufletul \u00eenvinge orice urm\u0103 de triste\u0163e, c\u00e2nd tot ce a fost greu vi se pare u\u015for. Este ziua numelui dumneavoastr\u0103!<\/p>\n<p>La mul\u0163i ani de Sf\u00e2nta Maria!<\/p>\n<p>Prim\u0103ria Pietro\u015fani, AG, primar P\u0103tru Eugen, Consiliul Local \u015fi angaja\u0163ii prim\u0103riei<\/p>\n","protected":false},"excerpt":{"rendered":"<p>Este o zi c\u00e2nd sufletul \u00eenvinge orice urm\u0103 de triste\u0163e, c\u00e2nd tot ce a fost greu vi se pare u\u015for. Este ziua numelui dumneavoastr\u0103! La mul\u0163i ani de Sf\u00e2nta Maria! Prim\u0103ria Pietro\u015fani, AG, primar P\u0103tru Eugen, Consiliul Local \u015fi angaja\u0163ii prim\u0103riei<\/p>\n","protected":false},"author":2,"featured_media":4040,"comment_status":"closed","ping_status":"open","sticky":false,"template":"","format":"standard","meta":{"footnotes":""},"categories":[4],"tags":[],"class_list":{"0":"post-4060","1":"post","2":"type-post","3":"status-publish","4":"format-standard","5":"has-post-thumbnail","7":"category-felicitari"},"_links":{"self":[{"href":"https:\/\/www.editiespecialapress.ro\/newtest\/wp-json\/wp\/v2\/posts\/4060","targetHints":{"allow":["GET"]}}],"collection":[{"href":"https:\/\/www.editiespecialapress.ro\/newtest\/wp-json\/wp\/v2\/posts"}],"about":[{"href":"https:\/\/www.editiespecialapress.ro\/newtest\/wp-json\/wp\/v2\/types\/post"}],"author":[{"embeddable":true,"href":"https:\/\/www.editiespecialapress.ro\/newtest\/wp-json\/wp\/v2\/users\/2"}],"replies":[{"embeddable":true,"href":"https:\/\/www.editiespecialapress.ro\/newtest\/wp-json\/wp\/v2\/comments?post=4060"}],"version-history":[{"count":0,"href":"https:\/\/www.editiespecialapress.ro\/newtest\/wp-json\/wp\/v2\/posts\/4060\/revisions"}],"wp:featuredmedia":[{"embeddable":true,"href":"https:\/\/www.editiespecialapress.ro\/newtest\/wp-json\/"}],"wp:attachment":[{"href":"https:\/\/www.editiespecialapress.ro\/newtest\/wp-json\/wp\/v2\/media?parent=4060"}],"wp:term":[{"taxonomy":"category","embeddable":true,"href":"https:\/\/www.editiespecialapress.ro\/newtest\/wp-json\/wp\/v2\/categories?post=4060"},{"taxonomy":"post_tag","embeddable":true,"href":"https:\/\/www.editiespecialapress.ro\/newtest\/wp-json\/wp\/v2\/tags?post=4060"}],"curies":[{"name":"wp","href":"https:\/\/api.w.org\/{rel}","templated":true}]}}