{"id":4152,"date":"2016-10-31T00:00:55","date_gmt":"2016-10-30T21:00:55","guid":{"rendered":"http:\/\/www.editiespecialapress.ro\/?p=4152"},"modified":"2016-10-31T00:00:55","modified_gmt":"2016-10-30T21:00:55","slug":"evaziune-fiscala-de-un-miliard-de-euro-la-balastierele-primarului-ion-dumitru-al-comunei-albota-jud-arges-monstrul-din-ratesti-jud-arges-florea-constantin-ameninta-cu-moartea-angajatii-primari","status":"publish","type":"post","link":"https:\/\/www.editiespecialapress.ro\/newtest\/2016\/10\/31\/evaziune-fiscala-de-un-miliard-de-euro-la-balastierele-primarului-ion-dumitru-al-comunei-albota-jud-arges-monstrul-din-ratesti-jud-arges-florea-constantin-ameninta-cu-moartea-angajatii-primari\/","title":{"rendered":"Evaziune fiscal\u0103 de un miliard de  euro la balastierele primarului Ion Dumitru al comunei Albota, jud. Arge\u015f, monstrul din R\u0103te\u015fti, jud. Arge\u015f, Florea Constantin, amenin\u0163\u0103 cu moartea angaja\u0163ii prim\u0103riei \u015fi pe directorul publica\u0163iei noastre, Iulian Ratea"},"content":{"rendered":"<figure id=\"attachment_4154\" aria-describedby=\"caption-attachment-4154\" style=\"width: 400px\" class=\"wp-caption alignleft\"><a href=\"http:\/\/www.editiespecialapress.ro\/wp\/wp-content\/uploads\/2016\/10\/Nicolae-V\u0103c\u0103roiu-\u00eenghite-\u015fi-el-de-la-Dumitru-p\u00e2n\u0103-va-muri.jpg\"><img loading=\"lazy\" decoding=\"async\" class=\"size-medium wp-image-4154\" src=\"http:\/\/www.editiespecialapress.ro\/wp\/wp-content\/uploads\/2016\/10\/Nicolae-V\u0103c\u0103roiu-\u00eenghite-\u015fi-el-de-la-Dumitru-p\u00e2n\u0103-va-muri-400x298.jpg\" alt=\"Nicolae V\u0103c\u0103roiu \u00eenghite \u015fi el de la Dumitru p\u00e2n\u0103 va muri\" width=\"400\" height=\"298\" \/><\/a><figcaption id=\"caption-attachment-4154\" class=\"wp-caption-text\">Nicolae V\u0103c\u0103roiu \u00eenghite \u015fi el de la Dumitru p\u00e2n\u0103 va muri<\/figcaption><\/figure>\n<p>Evaziune fiscal\u0103 de un miliard de euro la balastierele primarului Ion Dumitru, remorcile camioanelor\u00a0 de 42 t nepuse pe c\u00e2ntar, autobasculante mii nepuse pe c\u00e2ntar, avize de \u00eenso\u0163irea m\u0103rfii p\u00e2n\u0103 la destinatar, facturi neemise la destinatar, totul ilegal, furt total de materie prim\u0103 pentru construc\u0163ii de la balastierele primite cadou pentru suma de 300.000 de euro &#8211; valoare real\u0103 \u00eentre 20-30 miliarde de euro, monstrul din comuna R\u0103te\u015fti, jud. Arge\u015f, amenin\u0163\u0103 cu moartea angaja\u0163ii prim\u0103riei \u015fi pe directorul publica\u0163iei noastre.<\/p>\n<figure id=\"attachment_4155\" aria-describedby=\"caption-attachment-4155\" style=\"width: 400px\" class=\"wp-caption alignright\"><a href=\"http:\/\/www.editiespecialapress.ro\/wp\/wp-content\/uploads\/2016\/10\/Constantin-Nicolescu-\u00eenghite-partea-porcului-de-la-Dumitru-\u015fi-la-aceast\u0103-or\u0103.jpg\"><img loading=\"lazy\" decoding=\"async\" class=\"size-medium wp-image-4155\" src=\"http:\/\/www.editiespecialapress.ro\/wp\/wp-content\/uploads\/2016\/10\/Constantin-Nicolescu-\u00eenghite-partea-porcului-de-la-Dumitru-\u015fi-la-aceast\u0103-or\u0103-400x225.jpg\" alt=\"Constantin Nicolescu  \u00eenghite partea porcului de la Dumitru \u015fi la aceast\u0103 or\u0103\" width=\"400\" height=\"225\" \/><\/a><figcaption id=\"caption-attachment-4155\" class=\"wp-caption-text\">Constantin Nicolescu \u00eenghite partea porcului de la Dumitru \u015fi la aceast\u0103 or\u0103<\/figcaption><\/figure>\n<p>Dragii no\u015ftri cititori, continu\u0103m \u00een aceast\u0103 edi\u0163ie cu cel mai mare evazionist rom\u00e2n din toate timpurile, primarul com. Albota, Ion Dumitru, \u015fi fiicele lui, Dumitru Georgeta, precum \u015fi Dumitru Mariana, \u015fi monstrul R\u0103te\u015ftiului, Florea Constantin, comite ultraje s\u0103pt\u0103m\u00e2nal la prim\u0103ria R\u0103te\u015fti, amenin\u0163\u0103 primarul, inginera, consilierii \u015f.a.m.d., mai amenin\u0163\u0103 cu moartea pe directorul publica\u0163iei noastre, Iulian Ratea, s\u0103pt\u0103m\u00e2nal.<\/p>\n<p>\u00cencepem a v\u0103 prezenta o familie de ho\u0163i, evazioni\u015fti, escroci, ho\u0163i de patrimoniu na\u0163ional.<\/p>\n<figure id=\"attachment_4156\" aria-describedby=\"caption-attachment-4156\" style=\"width: 400px\" class=\"wp-caption alignleft\"><a href=\"http:\/\/www.editiespecialapress.ro\/wp\/wp-content\/uploads\/2016\/10\/Primarul-Ion-Dumitru-evazionist-de-un-miliard-de-euro.jpg\"><img loading=\"lazy\" decoding=\"async\" class=\"size-medium wp-image-4156\" src=\"http:\/\/www.editiespecialapress.ro\/wp\/wp-content\/uploads\/2016\/10\/Primarul-Ion-Dumitru-evazionist-de-un-miliard-de-euro-400x267.jpg\" alt=\"Primarul Ion Dumitru, evazionist de un miliard de euro\" width=\"400\" height=\"267\" \/><\/a><figcaption id=\"caption-attachment-4156\" class=\"wp-caption-text\">Primarul Ion Dumitru, evazionist de un miliard de euro<\/figcaption><\/figure>\n<p>Primarul com. Albota, Ion Dumitru,\u00a0 dup\u0103 ce c\u0103 a fost \u00eempropriet\u0103rit direct pe numele lui cu cele 3 balastiere de la Ione\u015fti de D\u00e2mbovi\u0163a, luate cu un pre\u0163 de mizerie (300.000 E), valoarea real\u0103 este de 25-30 de miliarde de euro. El a ordonat s\u0103 nu se mai c\u00e2nt\u0103reasc\u0103 remorcile de la camioanele de 40 t cu materie prim\u0103 pentru construc\u0163ii, balast, nisip, piatr\u0103 mare, m\u0103rg\u0103ritar \u015f.a.m.d. pentru a fi v\u00e2ndut\u0103\u00a0 marfa din remorci la negru f\u0103r\u0103 factur\u0103 \u015fi chitan\u0163\u0103. Aceast\u0103 practic\u0103 o folose\u015fte \u015fi acum non-stop. Dup\u0103 ce a fost publicat de noi prin 2014, a hot\u0103r\u00e2t s\u0103 piteasc\u0103 cele 80 de autocamioane de 42 t pentru a nu mai ap\u0103rea la transport pe timp de zi, le-a b\u0103gat la \u00eenc\u0103rcat numai pe timp de noapte. Acum le trimite la \u00eenc\u0103rcat numai cu dedica\u0163ie, precum la lucr\u0103rile de canalizare \u015fi drumuri \u00een com. Albota\u00a0 \u015fi la al\u0163i tovar\u0103\u015fi de-ai lui primari etc.\u00a0 Aceste autocamioane (80) au fost folosite non-stop la construirea autostr\u0103zii Soarelui \u015fi alte contracte direct cu mini\u015ftrii din Guverne. A onorat contracte de p\u00e2n\u0103 la 100 de miliarde de euro, dintre anii 2005-2016. Acest psihopat, Dumitru, a dispus s\u0103 se escaveze prin diferite tehnici \u015fi cu utilaje performante la 100 de m ad\u00e2ncime. At\u00e2t de lacom e Dumitru \u00eenc\u00e2t la un ha escavat \u015fi-a scos suma pl\u0103tit\u0103 pe cele 3 balastiere \u015fi i-au r\u0103mas gratis cca. 40.000 de ha de materie prim\u0103 pentru construc\u0163ii moca \u015fi alte sta\u0163ii de betoane, sta\u0163ii de procesare, mii de utilaje \u015f.a.m.d. \u015ei mai lacom, nu i-au ajuns cele 40.000 de ha de materie prim\u0103 pentru<\/p>\n<figure id=\"attachment_4157\" aria-describedby=\"caption-attachment-4157\" style=\"width: 375px\" class=\"wp-caption alignright\"><a href=\"http:\/\/www.editiespecialapress.ro\/wp\/wp-content\/uploads\/2016\/10\/Autobasculante-\u00eenc\u0103rcate-marfa-v\u00e2ndut\u0103-la-negru..jpg\"><img loading=\"lazy\" decoding=\"async\" class=\"size-medium wp-image-4157\" src=\"http:\/\/www.editiespecialapress.ro\/wp\/wp-content\/uploads\/2016\/10\/Autobasculante-\u00eenc\u0103rcate-marfa-v\u00e2ndut\u0103-la-negru.-375x300.jpg\" alt=\"Autobasculante \u00eenc\u0103rcate, marfa v\u00e2ndut\u0103 la negru.\" width=\"375\" height=\"300\" \/><\/a><figcaption id=\"caption-attachment-4157\" class=\"wp-caption-text\">Autobasculante \u00eenc\u0103rcate, marfa v\u00e2ndut\u0103 la negru.<\/figcaption><\/figure>\n<p>construc\u0163ii, a trecut la evaziune fiscal\u0103 non-stop, nepun\u00e2nd pe c\u00e2ntar remorcile de la autocamioanele de 42 t \u015fi v\u00e2nz\u00e2nd nisipul, balastul, piatra m\u0103rg\u0103ritar etc. la negru. Din anul 2012 a \u00eenchiriat mii de autobasculante care \u015fi acestea au fost \u015fi sunt folosite s\u0103 care nisip, balast, piatr\u0103\u00a0 m\u0103rg\u0103ritar etc. la negru. Din monitoriz\u0103ri a reie\u015fit c\u0103 \u015foferii se fac c\u0103 se duc la c\u00e2ntar, dar nu c\u00e2nt\u0103resc \u00eenc\u0103rc\u0103tura, se deplaseaz\u0103 \u00een jude\u0163ul D\u00e2mbovi\u0163a cu materia prim\u0103 pentru construc\u0163ii, \u00eencaseaz\u0103 la negru banii, vin din nou la c\u00e2ntar, unde las\u0103 sumele \u00eencasate de bani la \u015feful balastierelor. Zilnic se str\u00e2nge cam un sac de bani, la care seara t\u00e2rziu b\u0103ie\u0163ii de\u015ftep\u0163i, \u015fefii de la balastiere, \u00eei aduc primarului sacu cu bani la restaurantul din Albota al fiicei lui. Acest traseu cu sacul de\u00a0 bani se face zilnic de cca. 10 ani. Tot ce v\u00e2nd materie prim\u0103 pentru construc\u0163ii, la negru,\u00a0 seara se umple sacul cu bani \u015fi traseul este Ione\u015fti-Albota. Ne-au relatat cele prezentate \u015foferii care au fost da\u0163i afar\u0103 de psihopatul primar Dumitru \u015fi alte monitoriz\u0103ri de-ale noastre spectaculoase. Balastierele, \u00een prim\u0103 faz\u0103, au fost cump\u0103rate de primarul Dumitru, dup\u0103 aceea, \u015fmechere\u015fte, s\u0103 se piard\u0103 urma, a crezut el, i le-a trecut fiic\u0103-si, Dumitru Georgeta, \u015fi acum le are fiica lui cea mare, Dumitru Mariana.<\/p>\n<figure id=\"attachment_4158\" aria-describedby=\"caption-attachment-4158\" style=\"width: 400px\" class=\"wp-caption alignleft\"><a href=\"http:\/\/www.editiespecialapress.ro\/wp\/wp-content\/uploads\/2016\/10\/Autobasculante-\u00eenc\u0103rcate-marfa-v\u00e2ndut\u0103-la-negru.jpg\"><img loading=\"lazy\" decoding=\"async\" class=\"size-medium wp-image-4158\" src=\"http:\/\/www.editiespecialapress.ro\/wp\/wp-content\/uploads\/2016\/10\/Autobasculante-\u00eenc\u0103rcate-marfa-v\u00e2ndut\u0103-la-negru-400x232.jpg\" alt=\"Autobasculante \u00eenc\u0103rcate, marfa v\u00e2ndut\u0103 la negru\" width=\"400\" height=\"232\" \/><\/a><figcaption id=\"caption-attachment-4158\" class=\"wp-caption-text\">Autobasculante \u00eenc\u0103rcate, marfa v\u00e2ndut\u0103 la negru<\/figcaption><\/figure>\n<p>Are mintea at\u00e2t de \u00eengust\u0103 psihopatul, \u00eenc\u00e2t crede c\u0103 s-a pus la punct \u015fi a sc\u0103pat de pu\u015fc\u0103rie. Plata, zeci de miliarde de euro \u00eencasate pe materia prim\u0103, transport etc. Omul, dac\u0103 e bolnav, st\u0103 tot timpul la Bara\u0163\u0103 pe postul TV, face b\u0103\u015fc\u0103lie de toat\u0103 lumea, dosarul se \u00eengroa\u015f\u0103, fraierul o s-o trag\u0103 r\u0103u de tot. \u00centr-un timp st\u0103tea cu bagajul la u\u015f\u0103, a\u015ftepta s\u0103 fie ridicat de DNA Pite\u015fti. Spunea la lume: \u201eAm 500.000 de euro \u00een cas\u0103, c\u00e2nd vin masca\u0163ii le dau banii s\u0103 m\u0103 lase \u00een pace\u201d. El crede c\u0103 e la partidul PSD, la negocieri de euro pe func\u0163ii. E tr\u0103snit r\u0103u la cap. C\u00e2nd era sunat de DNA, el c\u0103dea jos pe ciment \u00een Prefectur\u0103 \u015fi se v\u0103ieta \u201eM\u0103 aresteaz\u0103 \u0103\u015ftia, mor \u00een arest\u201d chema salvarea \u015fi \u00eel ducea la spital. A\u015fa \u015fi-a prelungit psihopatul Dumitru libertatea. Joac\u0103 un teatru ieftin pentru procurorii buni c\u0103rora le-a fost mil\u0103 de el s\u0103-l aresteze. Prostul a luat-o de capital ca \u015fi sc\u0103pat de pu\u015fc\u0103rie. Solicit\u0103m DNA \u2013ului central s\u0103 dispun\u0103 expertize pentru a face cubajul la toat\u0103 materia prim\u0103 v\u00e2ndut\u0103 la negru pe bani frumo\u015fi, cam un<\/p>\n<figure id=\"attachment_4159\" aria-describedby=\"caption-attachment-4159\" style=\"width: 400px\" class=\"wp-caption alignright\"><a href=\"http:\/\/www.editiespecialapress.ro\/wp\/wp-content\/uploads\/2016\/10\/Autobasculante-marfa-v\u00e2ndut\u0103-la-negru.jpg\"><img loading=\"lazy\" decoding=\"async\" class=\"size-medium wp-image-4159\" src=\"http:\/\/www.editiespecialapress.ro\/wp\/wp-content\/uploads\/2016\/10\/Autobasculante-marfa-v\u00e2ndut\u0103-la-negru-400x226.jpg\" alt=\"Autobasculante, marfa v\u00e2ndut\u0103 la negru\" width=\"400\" height=\"226\" \/><\/a><figcaption id=\"caption-attachment-4159\" class=\"wp-caption-text\">Autobasculante, marfa v\u00e2ndut\u0103 la negru<\/figcaption><\/figure>\n<p>miliard de euro \u00een 10 ani. Dumitru se face mic c\u0103 n-are nimic, dar e at\u00e2t de mare, c\u00e2t fiara \u00een mare. De la cele trei balastiere m\u0103n\u00e2nc\u0103 taic\u0103-so, Nicolescu, ex-pre\u015fedintele C.J. Arge\u015f, domnul Nicolae V\u0103c\u0103roiu, ex-pre\u015fedintele Senatului, \u015fi mul\u0163i al\u0163i politruci PSD\u00a0 cu func\u0163ii mari, care au fost, sunt\u00a0 \u015fi vor fi. El acum are grij\u0103 de to\u0163i care l-au \u00eempropriet\u0103rit cu cele 3 balastiere, le bag\u0103 \u00een gur\u0103 des.<\/p>\n<p>Monstrul de la R\u0103te\u015fti, jud. Arge\u015f, amenin\u0163\u0103 pe fostul primar \u015fi pe to\u0163i angaja\u0163ii prim\u0103riei cu moartea, c\u0103 le va t\u0103ia noaptea cu toporul. Florea Constantin, monstrul, i-a b\u0103gat m\u00e2na \u00een g\u00e2t primarului de fa\u0163\u0103 cu directorul publica\u0163iei noastre, Ratea<\/p>\n<figure id=\"attachment_4160\" aria-describedby=\"caption-attachment-4160\" style=\"width: 400px\" class=\"wp-caption alignleft\"><a href=\"http:\/\/www.editiespecialapress.ro\/wp\/wp-content\/uploads\/2016\/10\/Autobasculantele-\u00eenc\u0103rcatemarfa-v\u00e2ndut\u0103-la-negru.jpg\"><img loading=\"lazy\" decoding=\"async\" class=\"size-medium wp-image-4160\" src=\"http:\/\/www.editiespecialapress.ro\/wp\/wp-content\/uploads\/2016\/10\/Autobasculantele-\u00eenc\u0103rcatemarfa-v\u00e2ndut\u0103-la-negru-400x211.jpg\" alt=\"Autobasculantele \u00eenc\u0103rcate,marfa v\u00e2ndut\u0103 la negru\" width=\"400\" height=\"211\" \/><\/a><figcaption id=\"caption-attachment-4160\" class=\"wp-caption-text\">Autobasculantele \u00eenc\u0103rcate,marfa v\u00e2ndut\u0103 la negru<\/figcaption><\/figure>\n<p>Iulian. A amenin\u0163at-o pe inginera \u015fef\u0103 c\u0103 o va t\u0103ia cu toporul. \u015ei directorului Ratea i-a spus aceast\u0103 amenin\u0163are monstrul R\u0103te\u015ftiului. Florea l-a agresat pe fostul primar at\u00e2t \u00een prim\u0103rie, de mai multe ori, \u015fi pe strad\u0103 \u00een Pite\u015fti. \u00cenjur\u0103 pe to\u0163i din prim\u0103ria R\u0103te\u015fti, de mor\u0163i \u015fi de familie \u015fi amenin\u0163\u0103 c\u0103-i taie cu cu\u0163itul \u015fi toporul. Motivul ar fi c\u0103 nu \u015fi-a recuperat dou\u0103 terenuri pe care a refuzat s\u0103 le primeasc\u0103, s\u0103 fie pus \u00een posesie pe teren din rezerva prim\u0103riei. El oricum a avut \u015fi are o \u00eencurc\u0103tur\u0103 cu terenurile, \u00eentruc\u00e2t nu se mai aflau pe raza com. R\u0103te\u015fti, au fost \u00eenstr\u0103inate la alte prim\u0103rii. A mers directorul publica\u0163iei noastre cu monstrul pentru a-l ajuta s\u0103 fie pus \u00een posesie, el a refuzat tot timpul punerea \u00een posesie pe terenuri din rezerva prim\u0103riei. Monstrul Florea e at\u00e2t de bolnav psihic \u00eenc\u00e2t crede c\u0103 la trei v\u00e2nz\u0103ri poate prim\u0103ria s\u0103-l pun\u0103 pe terenul mo\u015ftenit de p\u0103rin\u0163ii lui. \u00cen primul r\u00e2nd, monstrul e nebun, a t\u0103b\u0103r\u00e2t pe alte terenuri de la autostrada Pite\u015fti-Bucure\u015fti, amenin\u0163\u0103 tot personalul prim\u0103riei c\u0103 le d\u0103 foc, \u00eei str\u00e2nge de g\u00e2t, \u00eei va t\u0103ia cu toporul, c\u0103 el se va duce la pu\u015fc\u0103rie, unde a mai fost \u015f.a.m.d. Directorul Ratea, dup\u0103 cca.\u00a0 3 ore de verific\u0103ri registre la prim\u0103rie, harta, procese verbale de punere \u00een posesie, titluri de proprietate, a g\u0103sit gre\u015feala \u00een registre din calcule. S-a reglat gre\u015feala, a fost pus de<\/p>\n<figure id=\"attachment_4161\" aria-describedby=\"caption-attachment-4161\" style=\"width: 400px\" class=\"wp-caption alignright\"><a href=\"http:\/\/www.editiespecialapress.ro\/wp\/wp-content\/uploads\/2016\/10\/Autobasculantele-\u00eenc\u0103rcate-marfa-v\u00e2ndut\u0103-la-negru.jpg\"><img loading=\"lazy\" decoding=\"async\" class=\"size-medium wp-image-4161\" src=\"http:\/\/www.editiespecialapress.ro\/wp\/wp-content\/uploads\/2016\/10\/Autobasculantele-\u00eenc\u0103rcate-marfa-v\u00e2ndut\u0103-la-negru-400x241.jpg\" alt=\"Autobasculantele \u00eenc\u0103rcate, marfa v\u00e2ndut\u0103 la negru\" width=\"400\" height=\"241\" \/><\/a><figcaption id=\"caption-attachment-4161\" class=\"wp-caption-text\">Autobasculantele \u00eenc\u0103rcate, marfa v\u00e2ndut\u0103 la negru<\/figcaption><\/figure>\n<p>director \u015fi comisia de fond funciar s\u0103 fac\u0103 cerere pentru a i se da terenurile. Monstrul at\u00e2t de nebun, a zis \u00een fa\u0163a directorului \u015fi a comisiei de fond funciar: \u201eDa, m\u00e2ine fac cererea \u015fi v-o aduc la prim\u0103rie\u201d. La prima or\u0103 a doua zi l-a sunat pe directorul\u00a0 Ratea \u015fi a \u00eenceput s\u0103-l \u00eenjure\u00a0 \u015f.a.m.d. Directorul Ratea i-a f\u0103cut 3 dosare pentru mai multe infrac\u0163iuni. E cercetat non-stop, va pleca la arest. A\u015fa monstru nebun nu s-a mai pomenit! \u00a0Dac\u0103-\u0163i pui mintea cu el \u00eei dai una \u015fi-l bagi \u00een p\u0103m\u00e2nt. Acest psihopat monstru a venit la directorul Ratea cu o geant\u0103 de documente, registre agricole, procese verbale de punere \u00een posesie, titluri de proprietate \u015f.a.m.d. toate furate sau f\u0103cute copii dup\u0103 originalele din prim\u0103ria R\u0103te\u015fti. C\u00e2nd l-a \u00eentrebat directorul Ratea: \u201eDe unde ai ob\u0163inut at\u00e2tea documente?\u201d , el a zis: \u201e\u0102ia nu-mi d\u0103deau mie copii de pe ce am vrut eu, a\u015fa c\u0103 am intrat eu \u00een prim\u0103rie cu un om de-al meu noaptea \u015fi am xeroxat tot ce am vrut eu \u015fi de-ale mele \u015fi de-ale altora care se potrivesc \u00een nume cu tata. Vreau s\u0103-i fac pe \u0103\u015ftia dac\u0103 pun botul.\u201d Ratea, directorul, i-a spus: \u201eNu m\u0103 deplasez la prim\u0103ria R\u0103te\u015fti dac\u0103 \u00eencerci s\u0103 prezin\u0163i alte titluri, procese verbale sau registre.\u201d El a zis: \u201eHai c\u0103 nu fac nimic, numai s\u0103 m\u0103 aju\u0163i s\u0103 rezolv \u00eencurc\u0103turile.\u201d A\u015fa s-a ajuns c\u0103 acest infractor, vechi pu\u015fc\u0103ria\u015f, s\u0103 \u00eencerce s\u0103 \u00een\u015fele prim\u0103ria cu titlurile altor persoane care se potriveau cu taic\u0103-so la nume. S-a dus singur de mai multe ori s\u0103-i<\/p>\n<figure id=\"attachment_4162\" aria-describedby=\"caption-attachment-4162\" style=\"width: 400px\" class=\"wp-caption alignleft\"><a href=\"http:\/\/www.editiespecialapress.ro\/wp\/wp-content\/uploads\/2016\/10\/Camioanele-primarului-Dumitru-cu-marf\u0103-la-negru.jpg\"><img loading=\"lazy\" decoding=\"async\" class=\"size-medium wp-image-4162\" src=\"http:\/\/www.editiespecialapress.ro\/wp\/wp-content\/uploads\/2016\/10\/Camioanele-primarului-Dumitru-cu-marf\u0103-la-negru-400x226.jpg\" alt=\"Camioanele primarului Dumitru cu marf\u0103 la negru\" width=\"400\" height=\"226\" \/><\/a><figcaption id=\"caption-attachment-4162\" class=\"wp-caption-text\">Camioanele primarului Dumitru cu marf\u0103 la negru<\/figcaption><\/figure>\n<p>p\u0103c\u0103leasc\u0103, dar nu i-a mers. El are documentele \u00eentr-o geant\u0103 \u00een dublu exemplar acas\u0103 \u015fi mai poart\u0103 dup\u0103 el o alt\u0103 geant\u0103 mai mic\u0103 unde \u0163ine alte documente furate din prim\u0103rie. Se laud\u0103 prin restaurante: \u201eIa uite, b\u0103, am\u0103r\u00e2\u0163ilor, ce avere a avut Florea din R\u0103te\u015fti. Sunte\u0163i to\u0163i ni\u015fte turi-buri.\u201d Prezint\u0103 la pro\u015fti titlurile de proprietate ale altor persoane care se potrivesc cu r\u0103posatul taic\u0103-so la nume \u015fi a\u015fa \u00eei ies cca. 25 ha. El, am\u0103r\u00e2tul, dac\u0103 are 5 ha \u015fi pe acelea le-a refuzat.\u00a0 A amenin\u0163at \u015fi experta care a fost desemnat\u0103 s\u0103 fac\u0103 o expertiz\u0103. O acuza c\u0103 a f\u0103cut blatul cu comisia de fond funciar. El e bolnav psihic, ne mir\u0103m c\u0103 nu l-au luat cei de la sec\u0163ia R\u0103te\u015fti p\u00e2n\u0103 la aceast\u0103 or\u0103. Dar ce s\u0103 ne mai mir\u0103m c\u0103 a f\u0103cut blatul cu agentul Rizea Floric\u0103 de la Sec\u0163ia nr. 1 de Poli\u0163ie Pite\u015fti, pentru a fi sc\u0103pat de toate infrac\u0163iunile. Rizea i-a primit\u00a0 \u015fi un martor mincinos \u00een dosar: pe Tudora Constantin, prieten cu Rizea mili\u0163ianul. Tudora \u00eei repara televizorul lui Rizea cu ani \u00een urm\u0103. Acum l-a primit martor mincinos \u00een<\/p>\n<figure id=\"attachment_4163\" aria-describedby=\"caption-attachment-4163\" style=\"width: 400px\" class=\"wp-caption alignright\"><a href=\"http:\/\/www.editiespecialapress.ro\/wp\/wp-content\/uploads\/2016\/10\/Camioanele-primarului-Dumitru.jpg\"><img loading=\"lazy\" decoding=\"async\" class=\"size-medium wp-image-4163\" src=\"http:\/\/www.editiespecialapress.ro\/wp\/wp-content\/uploads\/2016\/10\/Camioanele-primarului-Dumitru-400x260.jpg\" alt=\"Camioanele primarului Dumitru\" width=\"400\" height=\"260\" \/><\/a><figcaption id=\"caption-attachment-4163\" class=\"wp-caption-text\">Camioanele primarului Dumitru<\/figcaption><\/figure>\n<p>dosar, ca pe un prieten s\u0103-l salveze pe Florea. Rizea\u00a0 e cercetat \u015fi va fi condamnat pentru favorizarea mai multor f\u0103ptuitori, el nu are o propunere de \u00eencepere a urm\u0103ririi penale de la angajare. Referate de clasare face Rizea mili\u0163ianul non-stop pe euro. \u0162ine mizeria to\u0163i valutarii \u00een bra\u0163e s\u0103 nu-i lege cineva. Prime\u015fte euro s\u0103pt\u0103m\u00e2nal ca b\u0103ie\u0163ii de\u015ftep\u0163i din toate p\u0103r\u0163ile, \u00eel doare la basc\u0103. Directorul Ratea l-a sesizat pentru toate infrac\u0163iunile lui Florea, dar el a zis: \u201eCe, b\u0103, mai trimit eu la R\u0103te\u015fti la sec\u0163ie s\u0103-l cerceteze pentru furt de documente?!\u201d Ratea i-a spus: \u201eStai p\u00e2n\u0103 vine s\u0103 te ridice procurorul.\u201d El a zis: \u201eCe s\u0103-mi fac\u0103, b\u0103, mie \u0103ia? Sunt vechi, \u00eei cunosc pe to\u0163i. Dac\u0103 e ceva m\u0103 anun\u0163\u0103 cei de la SIPI Pite\u015fti.\u201d Ratea i-a zis: \u201eP\u0103i<\/p>\n<figure id=\"attachment_4164\" aria-describedby=\"caption-attachment-4164\" style=\"width: 257px\" class=\"wp-caption alignleft\"><a href=\"http:\/\/www.editiespecialapress.ro\/wp\/wp-content\/uploads\/2016\/10\/Florea-Constantin-ac\u0163ioneaz\u0103-ca-un-monstru.jpg\"><img loading=\"lazy\" decoding=\"async\" class=\"size-full wp-image-4164\" src=\"http:\/\/www.editiespecialapress.ro\/wp\/wp-content\/uploads\/2016\/10\/Florea-Constantin-ac\u0163ioneaz\u0103-ca-un-monstru.jpg\" alt=\"Florea Constantin ac\u0163ioneaz\u0103 ca un monstru\" width=\"257\" height=\"196\" \/><\/a><figcaption id=\"caption-attachment-4164\" class=\"wp-caption-text\">Florea Constantin ac\u0163ioneaz\u0103 ca un monstru<\/figcaption><\/figure>\n<p>nu vei mai avea rela\u0163ii la cei ce vin s\u0103 te ridice.\u201d A r\u0103mas mut cioara de Rizea, coruptul, favorizatorul. Cioar\u0103 gulerat\u0103 proast\u0103 ca agentul Rizea nu am mai \u00eent\u00e2lnit. Tot s\u0103 mai avem clien\u0163i din \u0103\u015ftia.<\/p>\n<p>Solicit\u0103m autosesizare din partea prim-procurorului DNA Pite\u015fti, a prim-procurorului DNA Bucure\u015fti \u015fi a comisarului \u015fef al Sec\u0163iei de Poli\u0163ie R\u0103te\u015fti, jud. Arge\u015f.<\/p>\n<p style=\"text-align: right;\"><strong>\u00a0 Articol de Liviu Costache<\/strong><\/p>\n","protected":false},"excerpt":{"rendered":"<p>Evaziune fiscal\u0103 de un miliard de euro la balastierele primarului Ion Dumitru, remorcile camioanelor\u00a0 de 42 t nepuse pe c\u00e2ntar, autobasculante mii nepuse pe c\u00e2ntar, avize de \u00eenso\u0163irea m\u0103rfii p\u00e2n\u0103 la destinatar, facturi neemise la destinatar, totul ilegal, furt total de materie prim\u0103 pentru construc\u0163ii de la balastierele primite cadou pentru suma de 300.000 de [&hellip;]<\/p>\n","protected":false},"author":2,"featured_media":4153,"comment_status":"closed","ping_status":"open","sticky":false,"template":"","format":"standard","meta":{"footnotes":""},"categories":[2],"tags":[67,12,204,405,406,69,407],"class_list":{"0":"post-4152","1":"post","2":"type-post","3":"status-publish","4":"format-standard","5":"has-post-thumbnail","7":"category-ancheta","8":"tag-comuna-albota","9":"tag-constantin-nicolescu","10":"tag-dumitru-georgeta","11":"tag-dumitru-mariana","12":"tag-florea-constantin","13":"tag-nicolae-vacaroiu","14":"tag-primarul-ion-dumitru"},"_links":{"self":[{"href":"https:\/\/www.editiespecialapress.ro\/newtest\/wp-json\/wp\/v2\/posts\/4152","targetHints":{"allow":["GET"]}}],"collection":[{"href":"https:\/\/www.editiespecialapress.ro\/newtest\/wp-json\/wp\/v2\/posts"}],"about":[{"href":"https:\/\/www.editiespecialapress.ro\/newtest\/wp-json\/wp\/v2\/types\/post"}],"author":[{"embeddable":true,"href":"https:\/\/www.editiespecialapress.ro\/newtest\/wp-json\/wp\/v2\/users\/2"}],"replies":[{"embeddable":true,"href":"https:\/\/www.editiespecialapress.ro\/newtest\/wp-json\/wp\/v2\/comments?post=4152"}],"version-history":[{"count":0,"href":"https:\/\/www.editiespecialapress.ro\/newtest\/wp-json\/wp\/v2\/posts\/4152\/revisions"}],"wp:featuredmedia":[{"embeddable":true,"href":"https:\/\/www.editiespecialapress.ro\/newtest\/wp-json\/"}],"wp:attachment":[{"href":"https:\/\/www.editiespecialapress.ro\/newtest\/wp-json\/wp\/v2\/media?parent=4152"}],"wp:term":[{"taxonomy":"category","embeddable":true,"href":"https:\/\/www.editiespecialapress.ro\/newtest\/wp-json\/wp\/v2\/categories?post=4152"},{"taxonomy":"post_tag","embeddable":true,"href":"https:\/\/www.editiespecialapress.ro\/newtest\/wp-json\/wp\/v2\/tags?post=4152"}],"curies":[{"name":"wp","href":"https:\/\/api.w.org\/{rel}","templated":true}]}}