{"id":4179,"date":"2016-11-14T00:00:48","date_gmt":"2016-11-13T21:00:48","guid":{"rendered":"http:\/\/www.editiespecialapress.ro\/?p=4179"},"modified":"2016-11-14T00:00:48","modified_gmt":"2016-11-13T21:00:48","slug":"abuzivii-abaav-pitesti-anar-bucuresti-si-ai-sga-ilfov-bucuresti-director-general-tatiana-diaconu-sef-serviciu-rurpa-alexandrina-manu-sef-statie-hidrologica-croitoru-marius-dir-general-nicolae","status":"publish","type":"post","link":"https:\/\/www.editiespecialapress.ro\/newtest\/2016\/11\/14\/abuzivii-abaav-pitesti-anar-bucuresti-si-ai-sga-ilfov-bucuresti-director-general-tatiana-diaconu-sef-serviciu-rurpa-alexandrina-manu-sef-statie-hidrologica-croitoru-marius-dir-general-nicolae\/","title":{"rendered":"Abuzivii ABAAV Pite\u015fti, ANAR Bucure\u015fti \u015fi ai SGA Ilfov-Bucure\u015fti, director general Tatiana Diaconu, \u015fef serviciu RURPA, Alexandrina Manu, \u015fef sta\u0163ie hidrologic\u0103, Croitoru Marius, dir. general, Nicolae B\u0103rbieru, dir. Popescu Alexandru, \u015fef compartiment, Ursi Aurora \u015f.a.m.d."},"content":{"rendered":"<figure id=\"attachment_4181\" aria-describedby=\"caption-attachment-4181\" style=\"width: 160px\" class=\"wp-caption alignright\"><a href=\"http:\/\/www.editiespecialapress.ro\/wp\/wp-content\/uploads\/2016\/11\/Alexandrina-Doinita-Manu-abuziv\u0103-lesbian\u0103-bolnav\u0103-psihic.jpg\"><img loading=\"lazy\" decoding=\"async\" class=\"size-full wp-image-4181\" src=\"http:\/\/www.editiespecialapress.ro\/wp\/wp-content\/uploads\/2016\/11\/Alexandrina-Doinita-Manu-abuziv\u0103-lesbian\u0103-bolnav\u0103-psihic.jpg\" alt=\"Alexandrina-Doinita Manu, abuziv\u0103 lesbian\u0103, bolnav\u0103 psihic\" width=\"160\" height=\"160\" \/><\/a><figcaption id=\"caption-attachment-4181\" class=\"wp-caption-text\">Alexandrina-Doinita Manu, abuziv\u0103 lesbian\u0103, bolnav\u0103 psihic<\/figcaption><\/figure>\n<p>Abuzivii ABAAV &#8211; Pite\u015fti: dir. general Tatiana Diaconu, \u015fef serviciu RURPA, Alexandrina Manu, \u015fef sta\u0163ie hidrologic\u0103 Croitoru Marius, abuzivii ANAR Bucure\u015fti, dir general Nicolaie B\u0103rbieru, pre\u015fedintele Consiliului de conducere, ing. Ovidiu Gabor \u015fi al\u0163i abuzivi SGA &#8211; Ilfov-Bucure\u015fti, dir. Popescu Alexandru, \u015fef compartiment Ursi Aurora \u015fa.m.d. au sanc\u0163ionat mii de angaja\u0163i, lu\u00e2ndu-le din salarii de la 5% p\u00e2n\u0103 la 20%, al\u0163ii fiind \u015fi \u00eenl\u0103tura\u0163i din institu\u0163ie.<\/p>\n<p>Dragii no\u015ftri\u00a0 cititori, continu\u0103m \u00een aceast\u0103 edi\u0163ie cu cele mai mari mizerii ale Apelor Rom\u00e2ne &#8211; to\u0163i cei prezenta\u0163i \u00een titlu &#8211; \u015fi al\u0163ii care au\u00a0 distrus prin referate abuzive \u015fi decizii angaja\u0163ii institu\u0163iei suport\u00e2nd sanc\u0163ion\u0103ri de la 5% la 20% din salarii, al\u0163ii fiind \u015fi \u00eenl\u0103tura\u0163i din institu\u0163ie, ei invoc\u00e2nd codul de etic\u0103 \u015fi\u00a0 conduit\u0103 \u00eentocmit \u00een mod abuziv, \u00eentruc\u00e2t au invocat Standardul 1 &#8211; Etic\u0103 \u015fi Integritate din Ordinul Ministrului Finan\u0163elor Publice 946\/2005 care nu are leg\u0103tur\u0103 cu Administra\u0163ia Na\u0163ional\u0103\u00a0 Apele Rom\u00e2ne.<\/p>\n<figure id=\"attachment_4182\" aria-describedby=\"caption-attachment-4182\" style=\"width: 400px\" class=\"wp-caption alignleft\"><a href=\"http:\/\/www.editiespecialapress.ro\/wp\/wp-content\/uploads\/2016\/11\/Nicolae-B\u0103rbieru-abuziv-de-la-na\u015ftere-e1479067885764.jpg\"><img loading=\"lazy\" decoding=\"async\" class=\"size-medium wp-image-4182\" src=\"http:\/\/www.editiespecialapress.ro\/wp\/wp-content\/uploads\/2016\/11\/Nicolae-B\u0103rbieru-abuziv-de-la-na\u015ftere-400x292.jpg\" alt=\"Nicolae B\u0103rbieru, abuziv de la na\u015ftere\" width=\"400\" height=\"292\" \/><\/a><figcaption id=\"caption-attachment-4182\" class=\"wp-caption-text\">Nicolae B\u0103rbieru, abuziv de la na\u015ftere<\/figcaption><\/figure>\n<p>Tatiana Diaconu, Alexandrina Manu, Croitoru Marius \u015fi al\u0163ii din ABAAV \u00a0Pite\u015fti au sanc\u0163ionat sute de angaja\u0163i prin primirea de referate abuzive\u00a0 de la diferi\u0163i \u015fefi ai ABAAV &#8211; Pite\u015fti, referatele fiind nefondate, trimise la comisia de disciplin\u0103, comisia abuziv\u0103 de fiecare dat\u0103, dispunea investiga\u0163ii, luarea declara\u0163iilor unor martori mincino\u015fi, solicita date despre calculatoare \u015f.a.m.d. Comisiile de disciplin\u0103 aveau obliga\u0163ia legal\u0103 s\u0103 solu\u0163ioneze referatele abuzive trimise de diferi\u0163i \u015fefi ai angaja\u0163ilor la prima \u00eentrunire. Ei fiind incompeten\u0163i \u015fi abuzivi se apucau \u015fi c\u0103utau probe, pun\u00e2nd pe \u015fefii care f\u0103cuser\u0103 referatele s\u0103 aduc\u0103 martori mincino\u015fi \u015fi fel \u015fi fel de documente emise de al\u0163i \u015fefi de la calculatoare care incriminau angaja\u0163ii \u00een mod abuziv, doar s\u0103 ias\u0103 o sanc\u0163iune abuziv\u0103. To\u0163i \u015fefii care au f\u0103cut referate de sanc\u0163ionare sau pentru desfacerea contractului de munc\u0103 le-au f\u0103cut numai pe baz\u0103 de tupeu \u015fi demen\u0163\u0103. Subalternii lor au c\u0103zut victime de nenum\u0103rate ori, sufer\u0103 de atacuri de panic\u0103, boli cardiace etc. Pentru a fi acoperi\u0163i apelau la comisia de disciplin\u0103 s\u0103-i ajute s\u0103 fac\u0103 rost de probe \u00eentre cca. 3-6 luni de zile. Unde s-a mai pomenit s\u0103 a\u015ftep\u0163i probe cca. 3-6 luni de zile de la al\u0163i infractori abuzivi \u015fi dup\u0103 4-5 luni de zile de la \u00eentrunirea comisiei s\u0103 se pomeneasc\u0103 sanc\u0163ionate victimele. Aici d\u0103 dovad\u0103 de demen\u0163\u0103 \u015fi abuz \u00een grup organizat care pe viitor se va l\u0103sa cu pu\u015fc\u0103rie la to\u0163i cei implica\u0163i. Mai invoc\u0103 \u00een decizii contractele individuale de munc\u0103 din 2006 p\u00e2n\u0103 \u00een 2014. ABAAV &#8211; Pite\u015fti nu mai au contract colectiv de munc\u0103 din anul 2014, dar ei sanc\u0163ioneaz\u0103 inferiori \u00een mod abuziv non-stop.<\/p>\n<figure id=\"attachment_4183\" aria-describedby=\"caption-attachment-4183\" style=\"width: 159px\" class=\"wp-caption alignright\"><a href=\"http:\/\/www.editiespecialapress.ro\/wp\/wp-content\/uploads\/2016\/11\/Croitoru-Marius-Doru-abuziv-de-c\u00e2nd-sugea-la-\u0163\u00e2\u0163a-m\u0103-sii.jpg\"><img loading=\"lazy\" decoding=\"async\" class=\"size-medium wp-image-4183\" src=\"http:\/\/www.editiespecialapress.ro\/wp\/wp-content\/uploads\/2016\/11\/Croitoru-Marius-Doru-abuziv-de-c\u00e2nd-sugea-la-\u0163\u00e2\u0163a-m\u0103-sii-159x300.jpg\" alt=\"Croitoru Marius-Doru, abuziv de c\u00e2nd sugea la \u0163\u00e2\u0163a m\u0103-sii\" width=\"159\" height=\"300\" \/><\/a><figcaption id=\"caption-attachment-4183\" class=\"wp-caption-text\">Croitoru Marius-Doru, abuziv de c\u00e2nd sugea la \u0163\u00e2\u0163a m\u0103-sii<\/figcaption><\/figure>\n<p>\u00cen contractul colectiv de munc\u0103 \u015fi cel intern nu se face\u00a0 referire la sanc\u0163iuni disciplinare. Ei fac ce vor, numai r\u0103u s\u0103 fac\u0103 la victime. Pe deasupra mai invoc\u0103 Codul de Etic\u0103, care acesta a fost \u00eentocmit \u00een mod abuziv de pre\u015fedintele Consiliului de conducere, inginer Ovidiu Gabor \u015fi al\u0163ii. Ace\u015fti demen\u0163i abuzivi \u015fi-au permis s\u0103 foloseasc\u0103 Ordinul Ministrului Finan\u0163elor Publice nr. 946\/2005 \u00a0pentru aprobarea codului intern ANAF. Ei au crezut c\u0103 nu sunt monitoriza\u0163i \u015fi vor sc\u0103pa nevinova\u0163i.\u00a0 V\u0103 prezent\u0103m un mic exemplu de-al lor de referin\u0163e legislative normative din Codul de Etic\u0103 \u00eentocmit \u00een mod abuziv.<\/p>\n<p>Arat\u0103 c\u0103 prezentul cod de etic\u0103 \u015fi conduit\u0103 a fost elaborat pentru respectarea prevederilor legale de implementare a Sistemului de Control Intern &#8211; Managerial, av\u00e2nd \u00een vedere Standardul 1- Etic\u0103 \u015fi Integritate din Ordinul Ministrului Finan\u0163elor Publice nr. 946\/2005 pentru aprobarea Codului Controlului Intern-Managerial, cuprinz\u00e2nd standardele de control intern &#8211; managerial la entit\u0103\u0163i publice \u00a0\u015fi pentru dezvoltarea sistemelor de control intern &#8211; managerial, republicat. Ace\u015fti demen\u0163i au folosit Codul de etic\u0103 \u015fi conduit\u0103 \u015fi \u00eel folosesc pe cel al Ministrului Finan\u0163elor Publice &#8211; Bucure\u015fti. Ei, dac\u0103 au v\u0103zut \u00een Ordinul Ministrului Finan\u0163elor Publice nr. 946\/2005 privind Codul de Etic\u0103, c\u0103 s-a scris managerial la entit\u0103\u0163ile publice, gata au crezut c\u0103 ne pot p\u0103c\u0103li, c\u0103 se \u00eencadreaz\u0103 \u015fi ei\u00a0 la entit\u0103\u0163i publice.\u00a0 Boal\u0103 grea au ace\u015ftia de la Apele Rom\u00e2ne &#8211; Bucure\u015fti. Demen\u0163\u0103 maxim\u0103 s\u0103 folose\u015fti un cod de etic\u0103 \u015fi conduit\u0103 al ANAF nu s-a mai pomenit \u00een istoria mondial\u0103. Ei nu au vreo aprobare de vreun cod de etic\u0103, l-au furat pe cel al Minstrului Finan\u0163elor Publice nr.946\/2005. \u00a0A\u015fa s-a ajuns de au sanc\u0163ionat mii de angaja\u0163i ai Administra\u0163iei Na\u0163ionale Apele Rom\u00e2ne, A.B.A\/S.G.A.\/ I.N.H.G.A\/ E.C.S.C. cu sanc\u0163iuni de la 5% la 20% din salarii, precum \u015fi excluderea din sistem. Dup\u0103 ce c\u0103 nu aveau probe concludente pentru sanc\u0163ion\u0103ri, am\u00e2nau de la 3 la 5 luni \u015fi a\u015fteptau martori mincino\u015fi, \u015fantaja\u0163i de \u015fefii victimelor, mai le trimiteau al\u0163i demen\u0163i, fel \u015fi fel de adrese sau chipurile expertize de la calculatoare, totul f\u0103c\u0103turi \u015fi abuzuri. Ace\u015fti infractori\u00a0 vor intra \u00een istorie ca cei mai mari oameni demen\u0163i posibili de pe Glob. Micu\u0163ii directorul Popescu Alexandru de la S.G.A.-Ilfov-Bucure\u015fti \u015fi \u015fef compartiment Ursi Aurora \u015fi al\u0163ii din cadrul SGA, au \u00eentocmit referate sute la victime avizate de domnul<\/p>\n<figure id=\"attachment_4184\" aria-describedby=\"caption-attachment-4184\" style=\"width: 400px\" class=\"wp-caption alignleft\"><a href=\"http:\/\/www.editiespecialapress.ro\/wp\/wp-content\/uploads\/2016\/11\/Popescu-Alexandru-abuziv-escroc-e1479068106131.jpg\"><img loading=\"lazy\" decoding=\"async\" class=\"wp-image-4184 size-medium\" src=\"http:\/\/www.editiespecialapress.ro\/wp\/wp-content\/uploads\/2016\/11\/Popescu-Alexandru-abuziv-escroc-400x300.jpg\" alt=\"Popescu Alexandru, abuziv escroc\" width=\"400\" height=\"300\" \/><\/a><figcaption id=\"caption-attachment-4184\" class=\"wp-caption-text\">Popescu Alexandru, abuziv escroc<\/figcaption><\/figure>\n<p>director Popescu Alexandru \u015fi trimise la cel mai mare director ABAAV Pite\u015fti, Tatiana Diaconu. Doamna Sanda Alexadrina Manu, lesbian\u0103, bolnav\u0103 psihic prelua \u015fi preia referatele de la coana Tatiana Diaconu la care se formau dosare f\u0103r\u0103 probe de sanc\u0163ionare disciplinar\u0103, \u00eentruc\u00e2t doamna Ursi Aurora, domnul Popescu Alexandru \u015fi al\u0163ii n-au depus \u015fi nu depun probe dec\u00e2t ac\u0163ion\u00e2nd cu rea credin\u0163\u0103 \u015fi r\u0103zbunare. Cad \u00een genunchi la comisia de disciplin\u0103 de la ABAAV Pite\u015fti, \u00eei roag\u0103 s\u0103 dispun\u0103 sanc\u0163ionarea victimelor f\u0103r\u0103 a avea vreo prob\u0103 \u00eempotriva lor. Cei de la comisie, unii le mai resping solicit\u0103rile, deoarece le e fric\u0103 c\u0103 vor fi sesiza\u0163i pe la noi \u015f.a.m.d., dar Tatiana Diaconu \u015fi Sanda Manu Alexandrina \u015fi al\u0163ii \u00eei sanc\u0163ioneaz\u0103 prin a le lua din salarii \u00eentre 5%-20%, al\u0163ii fiind \u015fi exclu\u015fi din sistem. Folosesc \u015fi invoc\u0103 Codul de Etic\u0103 \u015fi Conduit\u0103, pe cel \u00eentocmit \u00een mod abuziv cu Ordinul Ministrulului Finan\u0163elor Publice nr. 946\/2005. Acest Cod de Etic\u0103 \u015fi Conduit\u0103 al ANAF \u00eel folosesc \u015fi ei, Apele Rom\u00e2ne, cu tupeu \u015fi demen\u0163\u0103. Au copiat tot de la ANAF, au folosit \u015fi invocat Ordinul Ministrului Finan\u0163elor Publice, acum vor a\u015ftepta arest\u0103rile. To\u0163i directorii\u00a0 de la Apele Rom\u00e2ne, at\u00e2t de la Bucure\u015fti, precum \u015fi de la Ilfov-Bucure\u015fti, Arge\u015f \u015fi to\u0163i din \u0163ar\u0103 \u015ftiu de \u015fmecheria cu Codul de Etic\u0103 \u015fi Conduit\u0103, ac\u0163ioneaz\u0103 rapid, distrug\u00e2nd victime \u015f.a.m.d. Totul a fost organizat cu to\u0163i directorii din toat\u0103 \u0163ara, de la diferite ABA\/S.G.A. etc. \u015ei a\u015fa Codul de Etic\u0103 al ANAF este \u00eentocmit cu sanc\u0163iuni pentru calomnie, etc. Calomnia e \u00een codul civil. Ei sanc\u0163ioneaz\u0103 angaja\u0163ii precum judec\u0103torii. Unde s-a mai pomenit s\u0103 mergi \u00een paralel cu codul civil sanc\u0163iuni disciplinare la angaja\u0163i. Au furat din codul Civil textele de lege, \u015fi-l aplic\u0103 cu tupeu la angaja\u0163ii ANAF. Mai invoc\u0103 \u015fi legea 161\/2003, prevenirea \u015fi sanc\u0163ionarea corup\u0163iei. Fac \u015fi ei \u00a0pe procurorii, invoc\u0103 legea 161\/2003, trec la sanc\u0163iuni, excluderi din sistem. B\u0103i fra\u0163ilor, s-a \u0163ignit lupu,<\/p>\n<figure id=\"attachment_4185\" aria-describedby=\"caption-attachment-4185\" style=\"width: 360px\" class=\"wp-caption alignright\"><a href=\"http:\/\/www.editiespecialapress.ro\/wp\/wp-content\/uploads\/2016\/11\/Tatiana-Diaconu-abuziv\u0103-corupt\u0103.jpg\"><img loading=\"lazy\" decoding=\"async\" class=\"size-full wp-image-4185\" src=\"http:\/\/www.editiespecialapress.ro\/wp\/wp-content\/uploads\/2016\/11\/Tatiana-Diaconu-abuziv\u0103-corupt\u0103.jpg\" alt=\"Tatiana Diaconu, abuziv\u0103 corupt\u0103\" width=\"360\" height=\"200\" \/><\/a><figcaption id=\"caption-attachment-4185\" class=\"wp-caption-text\">Tatiana Diaconu, abuziv\u0103 corupt\u0103<\/figcaption><\/figure>\n<p>\u0103\u015ftia-s nebuni s\u0103 mearg\u0103 \u00een paralel cu DNA-ul, tu ANAF? Sunt \u00een competi\u0163ie, au furat legea DNA \u015fi competen\u0163a. Unde s-a mai pomenit \u00een lume s\u0103 func\u0163ioneze pe o lege dou\u0103 institu\u0163ii DNA \u015fi ANAF. Ce ordin de Ministru au mai putut face mizeriile. Vor r\u0103spunde to\u0163i care au copiat din legea nr. 161\/2003 \u015fi au luat competen\u0163a \u00een locul organelor de cercetare penal\u0103.\u00a0 Au mai invocat \u015fi H.G. nr. 215\/2012 privind aprobarea strategiei na\u0163ionale anticorup\u0163ie pe perioada 2012-2015. Nu ne putem \u00eenchipui c\u0103 la elaborarea Codului de etic\u0103 au fost avute \u00een vedere prevederile mai sus men\u0163ionate. Tu ANAF, s\u0103 invoci \u00een Codul de etic\u0103 \u015fi conduit\u0103 legi de corup\u0163ie \u015fi s\u0103 \u00eempiedici organele de cercetare penal\u0103 de a prinde pe cei ce iau mit\u0103. Ei i-au pus \u00een gard\u0103 pe cei corup\u0163i cu acest cod de etic\u0103, i-au mai prins lu\u00e2nd \u015fpag\u0103, i-a sanc\u0163ionat mizeriile de directori \u00een loc s\u0103-i dea la procurori. Cu accest cod de etic\u0103 \u00eentocmit \u00een mod abuziv \u00eempiedic\u0103 organele de<\/p>\n<figure id=\"attachment_4186\" aria-describedby=\"caption-attachment-4186\" style=\"width: 160px\" class=\"wp-caption alignleft\"><a href=\"http:\/\/www.editiespecialapress.ro\/wp\/wp-content\/uploads\/2016\/11\/Ursi-Aurora-abuziv\u0103-psihic\u0103.jpg\"><img loading=\"lazy\" decoding=\"async\" class=\"size-full wp-image-4186\" src=\"http:\/\/www.editiespecialapress.ro\/wp\/wp-content\/uploads\/2016\/11\/Ursi-Aurora-abuziv\u0103-psihic\u0103.jpg\" alt=\"Ursi Aurora, abuziv\u0103 psihic\u0103\" width=\"160\" height=\"160\" \/><\/a><figcaption id=\"caption-attachment-4186\" class=\"wp-caption-text\">Ursi Aurora, abuziv\u0103 psihic\u0103<\/figcaption><\/figure>\n<p>cercetare penal\u0103 s\u0103 pun\u0103 m\u00e2na pe corup\u0163i. Ei dac\u0103 \u00eei prind cu fur\u0103ciuni, \u015fpag\u0103, le ia\u00a0 b\u0103nu\u0163ul, \u00eei sanc\u0163ioneaz\u0103 conform codului de etic\u0103 abuziv \u015fi a\u015fa \u00eei face sc\u0103pa\u0163i pe\u00a0 escroci . Din acest motiv e incompatibil Codul de Etic\u0103, precum \u015fi ilegal.<\/p>\n<p>ANAF \u015fi Apele Rom\u00e2ne saboteaz\u0103 DNA-ul, parchetele de pe l\u00e2ng\u0103 tribunale \u015fi Parchetul General, to\u0163i care cerceteaz\u0103 fapte de corup\u0163ie.<\/p>\n<p style=\"text-align: right;\"><strong>\u00a0Articol de Ionu\u0163 Vlad<\/strong><\/p>\n<figure id=\"attachment_4187\" aria-describedby=\"caption-attachment-4187\" style=\"width: 400px\" class=\"wp-caption alignleft\"><a href=\"http:\/\/www.editiespecialapress.ro\/wp\/wp-content\/uploads\/2016\/11\/ABAAV-Pite\u015fti-sediul-abuzivilor-corup\u0163i.jpg\"><img loading=\"lazy\" decoding=\"async\" class=\"size-medium wp-image-4187\" src=\"http:\/\/www.editiespecialapress.ro\/wp\/wp-content\/uploads\/2016\/11\/ABAAV-Pite\u015fti-sediul-abuzivilor-corup\u0163i-400x300.jpg\" alt=\"ABAAV Pite\u015fti sediul abuzivilor corup\u0163i\" width=\"400\" height=\"300\" \/><\/a><figcaption id=\"caption-attachment-4187\" class=\"wp-caption-text\">ABAAV Pite\u015fti sediul abuzivilor corup\u0163i<\/figcaption><\/figure>\n<figure id=\"attachment_4188\" aria-describedby=\"caption-attachment-4188\" style=\"width: 300px\" class=\"wp-caption alignright\"><a href=\"http:\/\/www.editiespecialapress.ro\/wp\/wp-content\/uploads\/2016\/11\/Sediul-abuzivilor-corup\u0163i.jpg\"><img loading=\"lazy\" decoding=\"async\" class=\"size-medium wp-image-4188\" src=\"http:\/\/www.editiespecialapress.ro\/wp\/wp-content\/uploads\/2016\/11\/Sediul-abuzivilor-corup\u0163i-300x300.jpg\" alt=\"Sediul abuzivilor corup\u0163i\" width=\"300\" height=\"300\" \/><\/a><figcaption id=\"caption-attachment-4188\" class=\"wp-caption-text\">Sediul abuzivilor corup\u0163i<\/figcaption><\/figure>\n","protected":false},"excerpt":{"rendered":"<p>Abuzivii ABAAV &#8211; Pite\u015fti: dir. general Tatiana Diaconu, \u015fef serviciu RURPA, Alexandrina Manu, \u015fef sta\u0163ie hidrologic\u0103 Croitoru Marius, abuzivii ANAR Bucure\u015fti, dir general Nicolaie B\u0103rbieru, pre\u015fedintele Consiliului de conducere, ing. Ovidiu Gabor \u015fi al\u0163i abuzivi SGA &#8211; Ilfov-Bucure\u015fti, dir. Popescu Alexandru, \u015fef compartiment Ursi Aurora \u015fa.m.d. au sanc\u0163ionat mii de angaja\u0163i, lu\u00e2ndu-le din salarii de [&hellip;]<\/p>\n","protected":false},"author":2,"featured_media":4180,"comment_status":"closed","ping_status":"open","sticky":false,"template":"","format":"standard","meta":{"footnotes":""},"categories":[2],"tags":[375,377,415,416,417,418,419,420,421,422],"class_list":{"0":"post-4179","1":"post","2":"type-post","3":"status-publish","4":"format-standard","5":"has-post-thumbnail","7":"category-ancheta","8":"tag-abaav-pitesti","9":"tag-alexandrina-manu","10":"tag-dir-general-nicolaie-barbieru","11":"tag-dir-general-tatiana-diaconu","12":"tag-dir-popescu-alexandru","13":"tag-ing-ovidiu-gabor","14":"tag-presedintele-consiliului-de-conducere","15":"tag-sef-compartiment-ursi-aurora","16":"tag-sef-serviciu-rurpa","17":"tag-sef-statie-hidrologica-croitoru-marius"},"_links":{"self":[{"href":"https:\/\/www.editiespecialapress.ro\/newtest\/wp-json\/wp\/v2\/posts\/4179","targetHints":{"allow":["GET"]}}],"collection":[{"href":"https:\/\/www.editiespecialapress.ro\/newtest\/wp-json\/wp\/v2\/posts"}],"about":[{"href":"https:\/\/www.editiespecialapress.ro\/newtest\/wp-json\/wp\/v2\/types\/post"}],"author":[{"embeddable":true,"href":"https:\/\/www.editiespecialapress.ro\/newtest\/wp-json\/wp\/v2\/users\/2"}],"replies":[{"embeddable":true,"href":"https:\/\/www.editiespecialapress.ro\/newtest\/wp-json\/wp\/v2\/comments?post=4179"}],"version-history":[{"count":0,"href":"https:\/\/www.editiespecialapress.ro\/newtest\/wp-json\/wp\/v2\/posts\/4179\/revisions"}],"wp:featuredmedia":[{"embeddable":true,"href":"https:\/\/www.editiespecialapress.ro\/newtest\/wp-json\/"}],"wp:attachment":[{"href":"https:\/\/www.editiespecialapress.ro\/newtest\/wp-json\/wp\/v2\/media?parent=4179"}],"wp:term":[{"taxonomy":"category","embeddable":true,"href":"https:\/\/www.editiespecialapress.ro\/newtest\/wp-json\/wp\/v2\/categories?post=4179"},{"taxonomy":"post_tag","embeddable":true,"href":"https:\/\/www.editiespecialapress.ro\/newtest\/wp-json\/wp\/v2\/tags?post=4179"}],"curies":[{"name":"wp","href":"https:\/\/api.w.org\/{rel}","templated":true}]}}