{"id":4268,"date":"2016-12-19T12:08:21","date_gmt":"2016-12-19T09:08:21","guid":{"rendered":"http:\/\/www.editiespecialapress.ro\/?p=4268"},"modified":"2016-12-19T12:08:21","modified_gmt":"2016-12-19T09:08:21","slug":"craciun-fericit-primaria-vedea","status":"publish","type":"post","link":"https:\/\/www.editiespecialapress.ro\/newtest\/2016\/12\/19\/craciun-fericit-primaria-vedea\/","title":{"rendered":"Cr\u0103ciun fericit! &#8211; Prim\u0103ria Vedea"},"content":{"rendered":"<p>\u00cen cupa de cristal a Cr\u0103ciunului ad\u0103ug\u0103m o pic\u0103tur\u0103 de bun\u0103tate \u015fi lini\u015fte astfel \u00eenc\u00e2t magia Sf\u00e2ntului Cr\u0103ciun s\u0103 v\u0103 plimbe pe voalul credin\u0163ei \u015fi al bucuriei c\u0103 s-a n\u0103scut pentru noi Iisus Hristos.<\/p>\n<p>Cr\u0103ciun fericit!<\/p>\n<p>Prim\u0103ria Vedea AG, primar Dochinoiu Nicolae, angaja\u021bii prim\u0103riei \u0219i consiliul local<\/p>\n","protected":false},"excerpt":{"rendered":"<p>\u00cen cupa de cristal a Cr\u0103ciunului ad\u0103ug\u0103m o pic\u0103tur\u0103 de bun\u0103tate \u015fi lini\u015fte astfel \u00eenc\u00e2t magia Sf\u00e2ntului Cr\u0103ciun s\u0103 v\u0103 plimbe pe voalul credin\u0163ei \u015fi al bucuriei c\u0103 s-a n\u0103scut pentru noi Iisus Hristos. Cr\u0103ciun fericit! Prim\u0103ria Vedea AG, primar Dochinoiu Nicolae, angaja\u021bii prim\u0103riei \u0219i consiliul local<\/p>\n","protected":false},"author":2,"featured_media":4266,"comment_status":"closed","ping_status":"open","sticky":false,"template":"","format":"standard","meta":{"footnotes":""},"categories":[4],"tags":[],"class_list":{"0":"post-4268","1":"post","2":"type-post","3":"status-publish","4":"format-standard","5":"has-post-thumbnail","7":"category-felicitari"},"_links":{"self":[{"href":"https:\/\/www.editiespecialapress.ro\/newtest\/wp-json\/wp\/v2\/posts\/4268","targetHints":{"allow":["GET"]}}],"collection":[{"href":"https:\/\/www.editiespecialapress.ro\/newtest\/wp-json\/wp\/v2\/posts"}],"about":[{"href":"https:\/\/www.editiespecialapress.ro\/newtest\/wp-json\/wp\/v2\/types\/post"}],"author":[{"embeddable":true,"href":"https:\/\/www.editiespecialapress.ro\/newtest\/wp-json\/wp\/v2\/users\/2"}],"replies":[{"embeddable":true,"href":"https:\/\/www.editiespecialapress.ro\/newtest\/wp-json\/wp\/v2\/comments?post=4268"}],"version-history":[{"count":0,"href":"https:\/\/www.editiespecialapress.ro\/newtest\/wp-json\/wp\/v2\/posts\/4268\/revisions"}],"wp:featuredmedia":[{"embeddable":true,"href":"https:\/\/www.editiespecialapress.ro\/newtest\/wp-json\/"}],"wp:attachment":[{"href":"https:\/\/www.editiespecialapress.ro\/newtest\/wp-json\/wp\/v2\/media?parent=4268"}],"wp:term":[{"taxonomy":"category","embeddable":true,"href":"https:\/\/www.editiespecialapress.ro\/newtest\/wp-json\/wp\/v2\/categories?post=4268"},{"taxonomy":"post_tag","embeddable":true,"href":"https:\/\/www.editiespecialapress.ro\/newtest\/wp-json\/wp\/v2\/tags?post=4268"}],"curies":[{"name":"wp","href":"https:\/\/api.w.org\/{rel}","templated":true}]}}