{"id":4270,"date":"2016-12-19T12:09:12","date_gmt":"2016-12-19T09:09:12","guid":{"rendered":"http:\/\/www.editiespecialapress.ro\/?p=4270"},"modified":"2016-12-19T12:09:12","modified_gmt":"2016-12-19T09:09:12","slug":"craciun-fericit-primaria-bogati","status":"publish","type":"post","link":"https:\/\/www.editiespecialapress.ro\/newtest\/2016\/12\/19\/craciun-fericit-primaria-bogati\/","title":{"rendered":"Cr\u0103ciun fericit! &#8211; Prim\u0103ria Boga\u021bi"},"content":{"rendered":"<p>De sfintele s\u0103rb\u0103tori s\u0103 deschidem u\u015fa pentru oaspe\u0163i dragi \u015fi inima pentru speran\u0163\u0103, bucurie \u015fi lumin\u0103. S\u0103 fim mai buni \u015fi s\u0103 privim \u00eenainte cu \u00eencredere, \u015ftiind c\u0103 dac\u0103 avem credin\u0163\u0103, drumul din fa\u0163a noastr\u0103 va fi pres\u0103rat cu \u00eempliniri.<\/p>\n<p>Cr\u0103ciun fericit!<\/p>\n<p>Prim\u0103ria Boga\u021bi AG, primar G\u00e2rleanu Ion, angaja\u021bii prim\u0103riei \u0219i consiliul local<\/p>\n","protected":false},"excerpt":{"rendered":"<p>De sfintele s\u0103rb\u0103tori s\u0103 deschidem u\u015fa pentru oaspe\u0163i dragi \u015fi inima pentru speran\u0163\u0103, bucurie \u015fi lumin\u0103. S\u0103 fim mai buni \u015fi s\u0103 privim \u00eenainte cu \u00eencredere, \u015ftiind c\u0103 dac\u0103 avem credin\u0163\u0103, drumul din fa\u0163a noastr\u0103 va fi pres\u0103rat cu \u00eempliniri. Cr\u0103ciun fericit! Prim\u0103ria Boga\u021bi AG, primar G\u00e2rleanu Ion, angaja\u021bii prim\u0103riei \u0219i consiliul local<\/p>\n","protected":false},"author":2,"featured_media":4263,"comment_status":"closed","ping_status":"open","sticky":false,"template":"","format":"standard","meta":{"footnotes":""},"categories":[4],"tags":[],"class_list":{"0":"post-4270","1":"post","2":"type-post","3":"status-publish","4":"format-standard","5":"has-post-thumbnail","7":"category-felicitari"},"_links":{"self":[{"href":"https:\/\/www.editiespecialapress.ro\/newtest\/wp-json\/wp\/v2\/posts\/4270","targetHints":{"allow":["GET"]}}],"collection":[{"href":"https:\/\/www.editiespecialapress.ro\/newtest\/wp-json\/wp\/v2\/posts"}],"about":[{"href":"https:\/\/www.editiespecialapress.ro\/newtest\/wp-json\/wp\/v2\/types\/post"}],"author":[{"embeddable":true,"href":"https:\/\/www.editiespecialapress.ro\/newtest\/wp-json\/wp\/v2\/users\/2"}],"replies":[{"embeddable":true,"href":"https:\/\/www.editiespecialapress.ro\/newtest\/wp-json\/wp\/v2\/comments?post=4270"}],"version-history":[{"count":0,"href":"https:\/\/www.editiespecialapress.ro\/newtest\/wp-json\/wp\/v2\/posts\/4270\/revisions"}],"wp:featuredmedia":[{"embeddable":true,"href":"https:\/\/www.editiespecialapress.ro\/newtest\/wp-json\/"}],"wp:attachment":[{"href":"https:\/\/www.editiespecialapress.ro\/newtest\/wp-json\/wp\/v2\/media?parent=4270"}],"wp:term":[{"taxonomy":"category","embeddable":true,"href":"https:\/\/www.editiespecialapress.ro\/newtest\/wp-json\/wp\/v2\/categories?post=4270"},{"taxonomy":"post_tag","embeddable":true,"href":"https:\/\/www.editiespecialapress.ro\/newtest\/wp-json\/wp\/v2\/tags?post=4270"}],"curies":[{"name":"wp","href":"https:\/\/api.w.org\/{rel}","templated":true}]}}