{"id":4272,"date":"2016-12-19T12:10:00","date_gmt":"2016-12-19T09:10:00","guid":{"rendered":"http:\/\/www.editiespecialapress.ro\/?p=4272"},"modified":"2016-12-19T12:10:00","modified_gmt":"2016-12-19T09:10:00","slug":"craciun-fericit-primaria-balilesti","status":"publish","type":"post","link":"https:\/\/www.editiespecialapress.ro\/newtest\/2016\/12\/19\/craciun-fericit-primaria-balilesti\/","title":{"rendered":"Cr\u0103ciun fericit! &#8211; Prim\u0103ria B\u0103lile\u0219ti"},"content":{"rendered":"<p><span id=\"yui_3_16_0_ym19_1_1482136924624_4467\">Farmecul zilelor de Cr\u0103ciun s\u0103 v\u0103 \u00eensufle\u0163easc\u0103 \u015fi s\u0103 v\u0103 lumineze toat\u0103 fiin\u0163a! Bucura\u021bi-v\u0103 de adev\u0103rata semnifica\u0163ie a acestei s\u0103rb\u0103tori al\u0103turi de to\u0163i cei pe care \u00eei iubi\u021bi! <\/span><\/p>\n<p><span id=\"yui_3_16_0_ym19_1_1482136924624_4467\">Cr\u0103ciun fericit! <\/span><\/p>\n<p><span id=\"yui_3_16_0_ym19_1_1482136924624_4467\">Prim\u0103ria B\u0103lile\u0219ti AG, primar Turturic\u0103 C\u0103t\u0103lin,<\/span>\u00a0 <span id=\"yui_3_16_0_ym19_1_1482136924624_4469\">\u00eempreun\u0103 cu angaja\u021bii prim\u0103riei \u0219i consiliul local<\/span><\/p>\n","protected":false},"excerpt":{"rendered":"<p>Farmecul zilelor de Cr\u0103ciun s\u0103 v\u0103 \u00eensufle\u0163easc\u0103 \u015fi s\u0103 v\u0103 lumineze toat\u0103 fiin\u0163a! Bucura\u021bi-v\u0103 de adev\u0103rata semnifica\u0163ie a acestei s\u0103rb\u0103tori al\u0103turi de to\u0163i cei pe care \u00eei iubi\u021bi! Cr\u0103ciun fericit! Prim\u0103ria B\u0103lile\u0219ti AG, primar Turturic\u0103 C\u0103t\u0103lin,\u00a0 \u00eempreun\u0103 cu angaja\u021bii prim\u0103riei \u0219i consiliul local<\/p>\n","protected":false},"author":2,"featured_media":4262,"comment_status":"closed","ping_status":"open","sticky":false,"template":"","format":"standard","meta":{"footnotes":""},"categories":[4],"tags":[],"class_list":{"0":"post-4272","1":"post","2":"type-post","3":"status-publish","4":"format-standard","5":"has-post-thumbnail","7":"category-felicitari"},"_links":{"self":[{"href":"https:\/\/www.editiespecialapress.ro\/newtest\/wp-json\/wp\/v2\/posts\/4272","targetHints":{"allow":["GET"]}}],"collection":[{"href":"https:\/\/www.editiespecialapress.ro\/newtest\/wp-json\/wp\/v2\/posts"}],"about":[{"href":"https:\/\/www.editiespecialapress.ro\/newtest\/wp-json\/wp\/v2\/types\/post"}],"author":[{"embeddable":true,"href":"https:\/\/www.editiespecialapress.ro\/newtest\/wp-json\/wp\/v2\/users\/2"}],"replies":[{"embeddable":true,"href":"https:\/\/www.editiespecialapress.ro\/newtest\/wp-json\/wp\/v2\/comments?post=4272"}],"version-history":[{"count":0,"href":"https:\/\/www.editiespecialapress.ro\/newtest\/wp-json\/wp\/v2\/posts\/4272\/revisions"}],"wp:featuredmedia":[{"embeddable":true,"href":"https:\/\/www.editiespecialapress.ro\/newtest\/wp-json\/"}],"wp:attachment":[{"href":"https:\/\/www.editiespecialapress.ro\/newtest\/wp-json\/wp\/v2\/media?parent=4272"}],"wp:term":[{"taxonomy":"category","embeddable":true,"href":"https:\/\/www.editiespecialapress.ro\/newtest\/wp-json\/wp\/v2\/categories?post=4272"},{"taxonomy":"post_tag","embeddable":true,"href":"https:\/\/www.editiespecialapress.ro\/newtest\/wp-json\/wp\/v2\/tags?post=4272"}],"curies":[{"name":"wp","href":"https:\/\/api.w.org\/{rel}","templated":true}]}}