{"id":4275,"date":"2016-12-19T12:10:46","date_gmt":"2016-12-19T09:10:46","guid":{"rendered":"http:\/\/www.editiespecialapress.ro\/?p=4275"},"modified":"2016-12-19T12:10:46","modified_gmt":"2016-12-19T09:10:46","slug":"craciun-fericit-primaria-poiana-lacului","status":"publish","type":"post","link":"https:\/\/www.editiespecialapress.ro\/newtest\/2016\/12\/19\/craciun-fericit-primaria-poiana-lacului\/","title":{"rendered":"Cr\u0103ciun Fericit! &#8211; Prim\u0103ria Poiana Lacului"},"content":{"rendered":"<p>Fie ca aroma de brad, portocala, colindele, cozonacul cald \u0219i mirosul de iarn\u0103 s\u0103 v\u0103 umple inimile de bucurie \u015fi sufletele de lini\u015fte.<\/p>\n<p>Cr\u0103ciun Fericit!<\/p>\n<p>Prim\u0103ria Poiana Lacului AG, primar Dumitrache Ion, angaja\u021bii prim\u0103riei \u0219i consiliul local<\/p>\n","protected":false},"excerpt":{"rendered":"<p>Fie ca aroma de brad, portocala, colindele, cozonacul cald \u0219i mirosul de iarn\u0103 s\u0103 v\u0103 umple inimile de bucurie \u015fi sufletele de lini\u015fte. Cr\u0103ciun Fericit! Prim\u0103ria Poiana Lacului AG, primar Dumitrache Ion, angaja\u021bii prim\u0103riei \u0219i consiliul local<\/p>\n","protected":false},"author":2,"featured_media":4265,"comment_status":"closed","ping_status":"open","sticky":false,"template":"","format":"standard","meta":{"footnotes":""},"categories":[4],"tags":[],"class_list":{"0":"post-4275","1":"post","2":"type-post","3":"status-publish","4":"format-standard","5":"has-post-thumbnail","7":"category-felicitari"},"_links":{"self":[{"href":"https:\/\/www.editiespecialapress.ro\/newtest\/wp-json\/wp\/v2\/posts\/4275","targetHints":{"allow":["GET"]}}],"collection":[{"href":"https:\/\/www.editiespecialapress.ro\/newtest\/wp-json\/wp\/v2\/posts"}],"about":[{"href":"https:\/\/www.editiespecialapress.ro\/newtest\/wp-json\/wp\/v2\/types\/post"}],"author":[{"embeddable":true,"href":"https:\/\/www.editiespecialapress.ro\/newtest\/wp-json\/wp\/v2\/users\/2"}],"replies":[{"embeddable":true,"href":"https:\/\/www.editiespecialapress.ro\/newtest\/wp-json\/wp\/v2\/comments?post=4275"}],"version-history":[{"count":0,"href":"https:\/\/www.editiespecialapress.ro\/newtest\/wp-json\/wp\/v2\/posts\/4275\/revisions"}],"wp:featuredmedia":[{"embeddable":true,"href":"https:\/\/www.editiespecialapress.ro\/newtest\/wp-json\/"}],"wp:attachment":[{"href":"https:\/\/www.editiespecialapress.ro\/newtest\/wp-json\/wp\/v2\/media?parent=4275"}],"wp:term":[{"taxonomy":"category","embeddable":true,"href":"https:\/\/www.editiespecialapress.ro\/newtest\/wp-json\/wp\/v2\/categories?post=4275"},{"taxonomy":"post_tag","embeddable":true,"href":"https:\/\/www.editiespecialapress.ro\/newtest\/wp-json\/wp\/v2\/tags?post=4275"}],"curies":[{"name":"wp","href":"https:\/\/api.w.org\/{rel}","templated":true}]}}