{"id":4277,"date":"2016-12-19T12:11:30","date_gmt":"2016-12-19T09:11:30","guid":{"rendered":"http:\/\/www.editiespecialapress.ro\/?p=4277"},"modified":"2016-12-19T12:11:30","modified_gmt":"2016-12-19T09:11:30","slug":"craciun-fericit-editie-speciala-press","status":"publish","type":"post","link":"https:\/\/www.editiespecialapress.ro\/newtest\/2016\/12\/19\/craciun-fericit-editie-speciala-press\/","title":{"rendered":"Cr\u0103ciun fericit! &#8211; Edi\u021bie Special\u0103 Press"},"content":{"rendered":"<p>E s\u0103rb\u0103toare! Bucura\u021bi-v\u0103 de pace, lumin\u0103 \u0219i c\u0103ldur\u0103 al\u0103turi de cei dragi. D\u0103rui\u021bi din toat\u0103 inima \u0219i deschide-\u0163i sufletul pentru a primi dragoste \u0219i fericire. L\u0103sa\u021bi-v\u0103 sufletul s\u0103 renasc\u0103 \u0219i tr\u0103i\u021bi fiecare zi ca pe un dar nepre\u021buit.<\/p>\n<p>Cr\u0103ciun fericit!<\/p>\n<p>Edi\u021bie Special\u0103 Press, director Iulian Ratea \u0219i toat\u0103 redac\u021bia<\/p>\n","protected":false},"excerpt":{"rendered":"<p>E s\u0103rb\u0103toare! Bucura\u021bi-v\u0103 de pace, lumin\u0103 \u0219i c\u0103ldur\u0103 al\u0103turi de cei dragi. D\u0103rui\u021bi din toat\u0103 inima \u0219i deschide-\u0163i sufletul pentru a primi dragoste \u0219i fericire. L\u0103sa\u021bi-v\u0103 sufletul s\u0103 renasc\u0103 \u0219i tr\u0103i\u021bi fiecare zi ca pe un dar nepre\u021buit. Cr\u0103ciun fericit! Edi\u021bie Special\u0103 Press, director Iulian Ratea \u0219i toat\u0103 redac\u021bia<\/p>\n","protected":false},"author":2,"featured_media":4264,"comment_status":"closed","ping_status":"open","sticky":false,"template":"","format":"standard","meta":{"footnotes":""},"categories":[4],"tags":[],"class_list":{"0":"post-4277","1":"post","2":"type-post","3":"status-publish","4":"format-standard","5":"has-post-thumbnail","7":"category-felicitari"},"_links":{"self":[{"href":"https:\/\/www.editiespecialapress.ro\/newtest\/wp-json\/wp\/v2\/posts\/4277","targetHints":{"allow":["GET"]}}],"collection":[{"href":"https:\/\/www.editiespecialapress.ro\/newtest\/wp-json\/wp\/v2\/posts"}],"about":[{"href":"https:\/\/www.editiespecialapress.ro\/newtest\/wp-json\/wp\/v2\/types\/post"}],"author":[{"embeddable":true,"href":"https:\/\/www.editiespecialapress.ro\/newtest\/wp-json\/wp\/v2\/users\/2"}],"replies":[{"embeddable":true,"href":"https:\/\/www.editiespecialapress.ro\/newtest\/wp-json\/wp\/v2\/comments?post=4277"}],"version-history":[{"count":0,"href":"https:\/\/www.editiespecialapress.ro\/newtest\/wp-json\/wp\/v2\/posts\/4277\/revisions"}],"wp:featuredmedia":[{"embeddable":true,"href":"https:\/\/www.editiespecialapress.ro\/newtest\/wp-json\/"}],"wp:attachment":[{"href":"https:\/\/www.editiespecialapress.ro\/newtest\/wp-json\/wp\/v2\/media?parent=4277"}],"wp:term":[{"taxonomy":"category","embeddable":true,"href":"https:\/\/www.editiespecialapress.ro\/newtest\/wp-json\/wp\/v2\/categories?post=4277"},{"taxonomy":"post_tag","embeddable":true,"href":"https:\/\/www.editiespecialapress.ro\/newtest\/wp-json\/wp\/v2\/tags?post=4277"}],"curies":[{"name":"wp","href":"https:\/\/api.w.org\/{rel}","templated":true}]}}