{"id":4303,"date":"2016-12-26T00:00:34","date_gmt":"2016-12-25T21:00:34","guid":{"rendered":"http:\/\/www.editiespecialapress.ro\/?p=4303"},"modified":"2016-12-26T00:00:34","modified_gmt":"2016-12-25T21:00:34","slug":"la-multi-ani-primaria-albestii-de-arges","status":"publish","type":"post","link":"https:\/\/www.editiespecialapress.ro\/newtest\/2016\/12\/26\/la-multi-ani-primaria-albestii-de-arges\/","title":{"rendered":"La mul\u0163i ani! &#8211; Prim\u0103ria Albe\u0219tii de Arge\u0219"},"content":{"rendered":"<p>E cump\u0103na dintre ani! S\u0103 privim \u00eenapoi cu iertare, \u00eenainte cu speran\u0163\u0103, \u00een jos cu \u00een\u0163elegere \u015fi \u00een sus cu recuno\u015ftin\u0163\u0103! Speran\u0163a s\u0103 v\u0103 deschid\u0103 poarta spre un An Nou plin de bucurii \u015fi \u00eempliniri. La mul\u0163i ani! Prim\u0103ria Albe\u0219tii de Arge\u0219, primar Popa Gabriel \u00eempreun\u0103 cu consiliul local \u0219i angaja\u021bii prim\u0103riei<\/p>\n","protected":false},"excerpt":{"rendered":"<p>E cump\u0103na dintre ani! S\u0103 privim \u00eenapoi cu iertare, \u00eenainte cu speran\u0163\u0103, \u00een jos cu \u00een\u0163elegere \u015fi \u00een sus cu recuno\u015ftin\u0163\u0103! Speran\u0163a s\u0103 v\u0103 deschid\u0103 poarta spre un An Nou plin de bucurii \u015fi \u00eempliniri. La mul\u0163i ani! Prim\u0103ria Albe\u0219tii de Arge\u0219, primar Popa Gabriel \u00eempreun\u0103 cu consiliul local \u0219i angaja\u021bii prim\u0103riei<\/p>\n","protected":false},"author":2,"featured_media":4302,"comment_status":"closed","ping_status":"open","sticky":false,"template":"","format":"standard","meta":{"footnotes":""},"categories":[4],"tags":[],"class_list":{"0":"post-4303","1":"post","2":"type-post","3":"status-publish","4":"format-standard","5":"has-post-thumbnail","7":"category-felicitari"},"_links":{"self":[{"href":"https:\/\/www.editiespecialapress.ro\/newtest\/wp-json\/wp\/v2\/posts\/4303","targetHints":{"allow":["GET"]}}],"collection":[{"href":"https:\/\/www.editiespecialapress.ro\/newtest\/wp-json\/wp\/v2\/posts"}],"about":[{"href":"https:\/\/www.editiespecialapress.ro\/newtest\/wp-json\/wp\/v2\/types\/post"}],"author":[{"embeddable":true,"href":"https:\/\/www.editiespecialapress.ro\/newtest\/wp-json\/wp\/v2\/users\/2"}],"replies":[{"embeddable":true,"href":"https:\/\/www.editiespecialapress.ro\/newtest\/wp-json\/wp\/v2\/comments?post=4303"}],"version-history":[{"count":0,"href":"https:\/\/www.editiespecialapress.ro\/newtest\/wp-json\/wp\/v2\/posts\/4303\/revisions"}],"wp:featuredmedia":[{"embeddable":true,"href":"https:\/\/www.editiespecialapress.ro\/newtest\/wp-json\/"}],"wp:attachment":[{"href":"https:\/\/www.editiespecialapress.ro\/newtest\/wp-json\/wp\/v2\/media?parent=4303"}],"wp:term":[{"taxonomy":"category","embeddable":true,"href":"https:\/\/www.editiespecialapress.ro\/newtest\/wp-json\/wp\/v2\/categories?post=4303"},{"taxonomy":"post_tag","embeddable":true,"href":"https:\/\/www.editiespecialapress.ro\/newtest\/wp-json\/wp\/v2\/tags?post=4303"}],"curies":[{"name":"wp","href":"https:\/\/api.w.org\/{rel}","templated":true}]}}