{"id":4305,"date":"2016-12-26T00:00:26","date_gmt":"2016-12-25T21:00:26","guid":{"rendered":"http:\/\/www.editiespecialapress.ro\/?p=4305"},"modified":"2016-12-26T00:00:26","modified_gmt":"2016-12-25T21:00:26","slug":"la-multi-ani-primaria-bogati","status":"publish","type":"post","link":"https:\/\/www.editiespecialapress.ro\/newtest\/2016\/12\/26\/la-multi-ani-primaria-bogati\/","title":{"rendered":"La mul\u0163i ani! &#8211; Prim\u0103ria Boga\u021bi"},"content":{"rendered":"<p><span lang=\"RO\" style=\"font-size: 14.0pt; color: black;\">Fie ca spiritul s\u0103rb\u0103torilor de iarn\u0103 s\u0103 p\u0103trund\u0103 \u00een casa \u015fi \u00een sufletul vostru \u015fi al tuturor celor dragi! Iubirea, bucuria, \u00een\u0163elepciunea \u015fi generozitatea s\u0103 v\u0103 fie c\u0103l\u0103uz\u0103 \u00een 2017! \u00cen speran\u0163a unui an mai bun, v\u0103 trimitem o boare de s\u0103n\u0103tate, un strop de \u00eencredere \u015fi fericire! <\/span><\/p>\n<p><span lang=\"RO\" style=\"font-size: 14.0pt; color: black;\">La mul\u0163i ani! <\/span><\/p>\n<p><span lang=\"RO\" style=\"font-size: 14.0pt; color: black;\">Prim\u0103ria Boga\u021bi AG, <\/span><\/p>\n<p><span lang=\"RO\" style=\"font-size: 14.0pt; color: black;\">primar G\u00e2rleanu Ion, \u00eempreun\u0103 cu consiliul local \u0219i angaja\u021bii prim\u0103riei<\/span><\/p>\n","protected":false},"excerpt":{"rendered":"<p>Fie ca spiritul s\u0103rb\u0103torilor de iarn\u0103 s\u0103 p\u0103trund\u0103 \u00een casa \u015fi \u00een sufletul vostru \u015fi al tuturor celor dragi! Iubirea, bucuria, \u00een\u0163elepciunea \u015fi generozitatea s\u0103 v\u0103 fie c\u0103l\u0103uz\u0103 \u00een 2017! \u00cen speran\u0163a unui an mai bun, v\u0103 trimitem o boare de s\u0103n\u0103tate, un strop de \u00eencredere \u015fi fericire! La mul\u0163i ani! Prim\u0103ria Boga\u021bi AG, primar [&hellip;]<\/p>\n","protected":false},"author":2,"featured_media":4294,"comment_status":"closed","ping_status":"open","sticky":false,"template":"","format":"standard","meta":{"footnotes":""},"categories":[4],"tags":[],"class_list":{"0":"post-4305","1":"post","2":"type-post","3":"status-publish","4":"format-standard","5":"has-post-thumbnail","7":"category-felicitari"},"_links":{"self":[{"href":"https:\/\/www.editiespecialapress.ro\/newtest\/wp-json\/wp\/v2\/posts\/4305","targetHints":{"allow":["GET"]}}],"collection":[{"href":"https:\/\/www.editiespecialapress.ro\/newtest\/wp-json\/wp\/v2\/posts"}],"about":[{"href":"https:\/\/www.editiespecialapress.ro\/newtest\/wp-json\/wp\/v2\/types\/post"}],"author":[{"embeddable":true,"href":"https:\/\/www.editiespecialapress.ro\/newtest\/wp-json\/wp\/v2\/users\/2"}],"replies":[{"embeddable":true,"href":"https:\/\/www.editiespecialapress.ro\/newtest\/wp-json\/wp\/v2\/comments?post=4305"}],"version-history":[{"count":0,"href":"https:\/\/www.editiespecialapress.ro\/newtest\/wp-json\/wp\/v2\/posts\/4305\/revisions"}],"wp:featuredmedia":[{"embeddable":true,"href":"https:\/\/www.editiespecialapress.ro\/newtest\/wp-json\/"}],"wp:attachment":[{"href":"https:\/\/www.editiespecialapress.ro\/newtest\/wp-json\/wp\/v2\/media?parent=4305"}],"wp:term":[{"taxonomy":"category","embeddable":true,"href":"https:\/\/www.editiespecialapress.ro\/newtest\/wp-json\/wp\/v2\/categories?post=4305"},{"taxonomy":"post_tag","embeddable":true,"href":"https:\/\/www.editiespecialapress.ro\/newtest\/wp-json\/wp\/v2\/tags?post=4305"}],"curies":[{"name":"wp","href":"https:\/\/api.w.org\/{rel}","templated":true}]}}