{"id":4307,"date":"2016-12-26T00:00:16","date_gmt":"2016-12-25T21:00:16","guid":{"rendered":"http:\/\/www.editiespecialapress.ro\/?p=4307"},"modified":"2016-12-26T00:00:16","modified_gmt":"2016-12-25T21:00:16","slug":"la-multi-ani-primaria-pietrosani","status":"publish","type":"post","link":"https:\/\/www.editiespecialapress.ro\/newtest\/2016\/12\/26\/la-multi-ani-primaria-pietrosani\/","title":{"rendered":"La mul\u021bi ani! &#8211; Prim\u0103ria Pietro\u0219ani"},"content":{"rendered":"<p>S\u0103rb\u0103torile de iarn\u0103 s\u0103 v\u0103 aduc\u0103 \u00een cas\u0103 lini\u0219te, s\u0103n\u0103tate \u0219i \u00eendeplinirea tuturor dorin\u021belor, al\u0103turi de cei dragi. Mirosul bradului, al\u0103turi de portocale \u0219i cozonaci s\u0103 v\u0103 umple casele \u0219i sufletele de speran\u021b\u0103.<\/p>\n<p>La mul\u021bi ani!<\/p>\n<p>Prim\u0103ria Pietro\u0219ani AG,<br \/>\nprimar P\u0103tru Eugen, \u00eempreun\u0103 cu consiliul local \u0219i angaja\u021bii prim\u0103riei<\/p>\n","protected":false},"excerpt":{"rendered":"<p>S\u0103rb\u0103torile de iarn\u0103 s\u0103 v\u0103 aduc\u0103 \u00een cas\u0103 lini\u0219te, s\u0103n\u0103tate \u0219i \u00eendeplinirea tuturor dorin\u021belor, al\u0103turi de cei dragi. Mirosul bradului, al\u0103turi de portocale \u0219i cozonaci s\u0103 v\u0103 umple casele \u0219i sufletele de speran\u021b\u0103. La mul\u021bi ani! Prim\u0103ria Pietro\u0219ani AG, primar P\u0103tru Eugen, \u00eempreun\u0103 cu consiliul local \u0219i angaja\u021bii prim\u0103riei<\/p>\n","protected":false},"author":2,"featured_media":4296,"comment_status":"closed","ping_status":"open","sticky":false,"template":"","format":"standard","meta":{"footnotes":""},"categories":[4],"tags":[],"class_list":{"0":"post-4307","1":"post","2":"type-post","3":"status-publish","4":"format-standard","5":"has-post-thumbnail","7":"category-felicitari"},"_links":{"self":[{"href":"https:\/\/www.editiespecialapress.ro\/newtest\/wp-json\/wp\/v2\/posts\/4307","targetHints":{"allow":["GET"]}}],"collection":[{"href":"https:\/\/www.editiespecialapress.ro\/newtest\/wp-json\/wp\/v2\/posts"}],"about":[{"href":"https:\/\/www.editiespecialapress.ro\/newtest\/wp-json\/wp\/v2\/types\/post"}],"author":[{"embeddable":true,"href":"https:\/\/www.editiespecialapress.ro\/newtest\/wp-json\/wp\/v2\/users\/2"}],"replies":[{"embeddable":true,"href":"https:\/\/www.editiespecialapress.ro\/newtest\/wp-json\/wp\/v2\/comments?post=4307"}],"version-history":[{"count":0,"href":"https:\/\/www.editiespecialapress.ro\/newtest\/wp-json\/wp\/v2\/posts\/4307\/revisions"}],"wp:featuredmedia":[{"embeddable":true,"href":"https:\/\/www.editiespecialapress.ro\/newtest\/wp-json\/"}],"wp:attachment":[{"href":"https:\/\/www.editiespecialapress.ro\/newtest\/wp-json\/wp\/v2\/media?parent=4307"}],"wp:term":[{"taxonomy":"category","embeddable":true,"href":"https:\/\/www.editiespecialapress.ro\/newtest\/wp-json\/wp\/v2\/categories?post=4307"},{"taxonomy":"post_tag","embeddable":true,"href":"https:\/\/www.editiespecialapress.ro\/newtest\/wp-json\/wp\/v2\/tags?post=4307"}],"curies":[{"name":"wp","href":"https:\/\/api.w.org\/{rel}","templated":true}]}}