{"id":4309,"date":"2016-12-26T00:00:14","date_gmt":"2016-12-25T21:00:14","guid":{"rendered":"http:\/\/www.editiespecialapress.ro\/?p=4309"},"modified":"2016-12-26T00:00:14","modified_gmt":"2016-12-25T21:00:14","slug":"la-multi-ani-primaria-suici","status":"publish","type":"post","link":"https:\/\/www.editiespecialapress.ro\/newtest\/2016\/12\/26\/la-multi-ani-primaria-suici\/","title":{"rendered":"La mul\u0163i ani! &#8211; Prim\u0103ria \u0218uici"},"content":{"rendered":"<p>V\u0103 dorim ca \u00een noul an \u00een care vom intra, s\u0103 ave\u0163i parte de: 12 luni de bucurii,\u00a0 52 de s\u0103pt\u0103m\u00e2ni de pace, 525.600 minute de credin\u0163\u0103 \u015fi \u00een final 31.536.000 secunde sub protec\u0163ia lui Dumnezeu.<\/p>\n<p>La mul\u0163i ani!<\/p>\n<p>Prim\u0103ria \u0218uici AG,<br \/>\nprimar Iatagan Constantin, \u00a0\u00eempreun\u0103 cu consiliul local \u0219i angaja\u021bii prim\u0103riei<\/p>\n","protected":false},"excerpt":{"rendered":"<p>V\u0103 dorim ca \u00een noul an \u00een care vom intra, s\u0103 ave\u0163i parte de: 12 luni de bucurii,\u00a0 52 de s\u0103pt\u0103m\u00e2ni de pace, 525.600 minute de credin\u0163\u0103 \u015fi \u00een final 31.536.000 secunde sub protec\u0163ia lui Dumnezeu. La mul\u0163i ani! Prim\u0103ria \u0218uici AG, primar Iatagan Constantin, \u00a0\u00eempreun\u0103 cu consiliul local \u0219i angaja\u021bii prim\u0103riei<\/p>\n","protected":false},"author":2,"featured_media":4297,"comment_status":"closed","ping_status":"open","sticky":false,"template":"","format":"standard","meta":{"footnotes":""},"categories":[4],"tags":[],"class_list":{"0":"post-4309","1":"post","2":"type-post","3":"status-publish","4":"format-standard","5":"has-post-thumbnail","7":"category-felicitari"},"_links":{"self":[{"href":"https:\/\/www.editiespecialapress.ro\/newtest\/wp-json\/wp\/v2\/posts\/4309","targetHints":{"allow":["GET"]}}],"collection":[{"href":"https:\/\/www.editiespecialapress.ro\/newtest\/wp-json\/wp\/v2\/posts"}],"about":[{"href":"https:\/\/www.editiespecialapress.ro\/newtest\/wp-json\/wp\/v2\/types\/post"}],"author":[{"embeddable":true,"href":"https:\/\/www.editiespecialapress.ro\/newtest\/wp-json\/wp\/v2\/users\/2"}],"replies":[{"embeddable":true,"href":"https:\/\/www.editiespecialapress.ro\/newtest\/wp-json\/wp\/v2\/comments?post=4309"}],"version-history":[{"count":0,"href":"https:\/\/www.editiespecialapress.ro\/newtest\/wp-json\/wp\/v2\/posts\/4309\/revisions"}],"wp:featuredmedia":[{"embeddable":true,"href":"https:\/\/www.editiespecialapress.ro\/newtest\/wp-json\/"}],"wp:attachment":[{"href":"https:\/\/www.editiespecialapress.ro\/newtest\/wp-json\/wp\/v2\/media?parent=4309"}],"wp:term":[{"taxonomy":"category","embeddable":true,"href":"https:\/\/www.editiespecialapress.ro\/newtest\/wp-json\/wp\/v2\/categories?post=4309"},{"taxonomy":"post_tag","embeddable":true,"href":"https:\/\/www.editiespecialapress.ro\/newtest\/wp-json\/wp\/v2\/tags?post=4309"}],"curies":[{"name":"wp","href":"https:\/\/api.w.org\/{rel}","templated":true}]}}