{"id":4311,"date":"2016-12-26T00:00:52","date_gmt":"2016-12-25T21:00:52","guid":{"rendered":"http:\/\/www.editiespecialapress.ro\/?p=4311"},"modified":"2016-12-26T00:00:52","modified_gmt":"2016-12-25T21:00:52","slug":"la-multi-ani-primaria-stefanesti","status":"publish","type":"post","link":"https:\/\/www.editiespecialapress.ro\/newtest\/2016\/12\/26\/la-multi-ani-primaria-stefanesti\/","title":{"rendered":"La mul\u0163i ani! &#8211; Prim\u0103ria \u0218tef\u0103ne\u0219ti"},"content":{"rendered":"<p>Fie ca toate visele pe care le f\u0103uri\u0163i \u00een aceste zile magice s\u0103 se \u00eemplinesc\u0103 \u015fi drumul str\u0103b\u0103tut pentru realizarea lor s\u0103 v\u0103 aduc\u0103 bucurie \u00een inimi, iar \u00een case fericire \u015fi bel\u015fug.<\/p>\n<p>La mul\u0163i ani!<\/p>\n<p>Prim\u0103ria \u0218tef\u0103ne\u0219ti AG,<br \/>\nprimar Ioana Jenica Dumitru, \u00eempreun\u0103 cu consiliul local \u0219i angaja\u021bii prim\u0103riei<\/p>\n","protected":false},"excerpt":{"rendered":"<p>Fie ca toate visele pe care le f\u0103uri\u0163i \u00een aceste zile magice s\u0103 se \u00eemplinesc\u0103 \u015fi drumul str\u0103b\u0103tut pentru realizarea lor s\u0103 v\u0103 aduc\u0103 bucurie \u00een inimi, iar \u00een case fericire \u015fi bel\u015fug. La mul\u0163i ani! Prim\u0103ria \u0218tef\u0103ne\u0219ti AG, primar Ioana Jenica Dumitru, \u00eempreun\u0103 cu consiliul local \u0219i angaja\u021bii prim\u0103riei<\/p>\n","protected":false},"author":2,"featured_media":4298,"comment_status":"closed","ping_status":"open","sticky":false,"template":"","format":"standard","meta":{"footnotes":""},"categories":[4],"tags":[],"class_list":{"0":"post-4311","1":"post","2":"type-post","3":"status-publish","4":"format-standard","5":"has-post-thumbnail","7":"category-felicitari"},"_links":{"self":[{"href":"https:\/\/www.editiespecialapress.ro\/newtest\/wp-json\/wp\/v2\/posts\/4311","targetHints":{"allow":["GET"]}}],"collection":[{"href":"https:\/\/www.editiespecialapress.ro\/newtest\/wp-json\/wp\/v2\/posts"}],"about":[{"href":"https:\/\/www.editiespecialapress.ro\/newtest\/wp-json\/wp\/v2\/types\/post"}],"author":[{"embeddable":true,"href":"https:\/\/www.editiespecialapress.ro\/newtest\/wp-json\/wp\/v2\/users\/2"}],"replies":[{"embeddable":true,"href":"https:\/\/www.editiespecialapress.ro\/newtest\/wp-json\/wp\/v2\/comments?post=4311"}],"version-history":[{"count":0,"href":"https:\/\/www.editiespecialapress.ro\/newtest\/wp-json\/wp\/v2\/posts\/4311\/revisions"}],"wp:featuredmedia":[{"embeddable":true,"href":"https:\/\/www.editiespecialapress.ro\/newtest\/wp-json\/"}],"wp:attachment":[{"href":"https:\/\/www.editiespecialapress.ro\/newtest\/wp-json\/wp\/v2\/media?parent=4311"}],"wp:term":[{"taxonomy":"category","embeddable":true,"href":"https:\/\/www.editiespecialapress.ro\/newtest\/wp-json\/wp\/v2\/categories?post=4311"},{"taxonomy":"post_tag","embeddable":true,"href":"https:\/\/www.editiespecialapress.ro\/newtest\/wp-json\/wp\/v2\/tags?post=4311"}],"curies":[{"name":"wp","href":"https:\/\/api.w.org\/{rel}","templated":true}]}}