{"id":4313,"date":"2016-12-26T00:00:48","date_gmt":"2016-12-25T21:00:48","guid":{"rendered":"http:\/\/www.editiespecialapress.ro\/?p=4313"},"modified":"2016-12-26T00:00:48","modified_gmt":"2016-12-25T21:00:48","slug":"la-multi-ani-primaria-titesti","status":"publish","type":"post","link":"https:\/\/www.editiespecialapress.ro\/newtest\/2016\/12\/26\/la-multi-ani-primaria-titesti\/","title":{"rendered":"La mul\u0163i ani! &#8211; Prim\u0103ria \u021ai\u021be\u0219ti"},"content":{"rendered":"<p>Trece\u021bi peste ce-a fost, crede\u021bi cu adev\u0103rat \u00een bine. Anul Nou e o carte deschis\u0103 cu re\u0163etele succesului, alege\u021bi ce vi se potrive\u015fte \u015fi porni\u021bi la drum cu \u00eencredere!<\/p>\n<p>La mul\u0163i ani! O via\u0163\u0103 \u00eemplinit\u0103 \u015fi fericit\u0103!<\/p>\n<p>Prim\u0103ria \u021ai\u021be\u0219ti AG,<br \/>\nprimar Savu Gheorghe, \u00eempreun\u0103 cu consiliul local \u0219i angaja\u021bii prim\u0103riei<\/p>\n","protected":false},"excerpt":{"rendered":"<p>Trece\u021bi peste ce-a fost, crede\u021bi cu adev\u0103rat \u00een bine. Anul Nou e o carte deschis\u0103 cu re\u0163etele succesului, alege\u021bi ce vi se potrive\u015fte \u015fi porni\u021bi la drum cu \u00eencredere! La mul\u0163i ani! O via\u0163\u0103 \u00eemplinit\u0103 \u015fi fericit\u0103! Prim\u0103ria \u021ai\u021be\u0219ti AG, primar Savu Gheorghe, \u00eempreun\u0103 cu consiliul local \u0219i angaja\u021bii prim\u0103riei<\/p>\n","protected":false},"author":2,"featured_media":4299,"comment_status":"closed","ping_status":"open","sticky":false,"template":"","format":"standard","meta":{"footnotes":""},"categories":[4],"tags":[],"class_list":{"0":"post-4313","1":"post","2":"type-post","3":"status-publish","4":"format-standard","5":"has-post-thumbnail","7":"category-felicitari"},"_links":{"self":[{"href":"https:\/\/www.editiespecialapress.ro\/newtest\/wp-json\/wp\/v2\/posts\/4313","targetHints":{"allow":["GET"]}}],"collection":[{"href":"https:\/\/www.editiespecialapress.ro\/newtest\/wp-json\/wp\/v2\/posts"}],"about":[{"href":"https:\/\/www.editiespecialapress.ro\/newtest\/wp-json\/wp\/v2\/types\/post"}],"author":[{"embeddable":true,"href":"https:\/\/www.editiespecialapress.ro\/newtest\/wp-json\/wp\/v2\/users\/2"}],"replies":[{"embeddable":true,"href":"https:\/\/www.editiespecialapress.ro\/newtest\/wp-json\/wp\/v2\/comments?post=4313"}],"version-history":[{"count":0,"href":"https:\/\/www.editiespecialapress.ro\/newtest\/wp-json\/wp\/v2\/posts\/4313\/revisions"}],"wp:featuredmedia":[{"embeddable":true,"href":"https:\/\/www.editiespecialapress.ro\/newtest\/wp-json\/"}],"wp:attachment":[{"href":"https:\/\/www.editiespecialapress.ro\/newtest\/wp-json\/wp\/v2\/media?parent=4313"}],"wp:term":[{"taxonomy":"category","embeddable":true,"href":"https:\/\/www.editiespecialapress.ro\/newtest\/wp-json\/wp\/v2\/categories?post=4313"},{"taxonomy":"post_tag","embeddable":true,"href":"https:\/\/www.editiespecialapress.ro\/newtest\/wp-json\/wp\/v2\/tags?post=4313"}],"curies":[{"name":"wp","href":"https:\/\/api.w.org\/{rel}","templated":true}]}}