{"id":4315,"date":"2016-12-26T00:00:27","date_gmt":"2016-12-25T21:00:27","guid":{"rendered":"http:\/\/www.editiespecialapress.ro\/?p=4315"},"modified":"2016-12-26T00:00:27","modified_gmt":"2016-12-25T21:00:27","slug":"la-multi-ani-primaria-teiu","status":"publish","type":"post","link":"https:\/\/www.editiespecialapress.ro\/newtest\/2016\/12\/26\/la-multi-ani-primaria-teiu\/","title":{"rendered":"La mul\u021bi ani! Prim\u0103ria Teiu"},"content":{"rendered":"<p>Fie ca anul nou s\u0103 v\u0103 aduc\u0103 mai multe z\u00e2mbete dec\u00e2t \u00eempotriviri, mai multe reu\u0219ite dec\u00e2t \u00eenfr\u00e2ngeri \u0219i mai multe \u00eempliniri dec\u00e2t v-a\u021bi g\u00e2ndit vreodat\u0103.<\/p>\n<p>La mul\u021bi ani!<\/p>\n<p>Prim\u0103ria Teiu AG,<br \/>\nprimar Dumitru Florin, \u00eempreun\u0103 cu consiliul local \u0219i angaja\u021bii prim\u0103riei<\/p>\n","protected":false},"excerpt":{"rendered":"<p>Fie ca anul nou s\u0103 v\u0103 aduc\u0103 mai multe z\u00e2mbete dec\u00e2t \u00eempotriviri, mai multe reu\u0219ite dec\u00e2t \u00eenfr\u00e2ngeri \u0219i mai multe \u00eempliniri dec\u00e2t v-a\u021bi g\u00e2ndit vreodat\u0103. La mul\u021bi ani! Prim\u0103ria Teiu AG, primar Dumitru Florin, \u00eempreun\u0103 cu consiliul local \u0219i angaja\u021bii prim\u0103riei<\/p>\n","protected":false},"author":2,"featured_media":4300,"comment_status":"closed","ping_status":"open","sticky":false,"template":"","format":"standard","meta":{"footnotes":""},"categories":[4],"tags":[],"class_list":{"0":"post-4315","1":"post","2":"type-post","3":"status-publish","4":"format-standard","5":"has-post-thumbnail","7":"category-felicitari"},"_links":{"self":[{"href":"https:\/\/www.editiespecialapress.ro\/newtest\/wp-json\/wp\/v2\/posts\/4315","targetHints":{"allow":["GET"]}}],"collection":[{"href":"https:\/\/www.editiespecialapress.ro\/newtest\/wp-json\/wp\/v2\/posts"}],"about":[{"href":"https:\/\/www.editiespecialapress.ro\/newtest\/wp-json\/wp\/v2\/types\/post"}],"author":[{"embeddable":true,"href":"https:\/\/www.editiespecialapress.ro\/newtest\/wp-json\/wp\/v2\/users\/2"}],"replies":[{"embeddable":true,"href":"https:\/\/www.editiespecialapress.ro\/newtest\/wp-json\/wp\/v2\/comments?post=4315"}],"version-history":[{"count":0,"href":"https:\/\/www.editiespecialapress.ro\/newtest\/wp-json\/wp\/v2\/posts\/4315\/revisions"}],"wp:featuredmedia":[{"embeddable":true,"href":"https:\/\/www.editiespecialapress.ro\/newtest\/wp-json\/"}],"wp:attachment":[{"href":"https:\/\/www.editiespecialapress.ro\/newtest\/wp-json\/wp\/v2\/media?parent=4315"}],"wp:term":[{"taxonomy":"category","embeddable":true,"href":"https:\/\/www.editiespecialapress.ro\/newtest\/wp-json\/wp\/v2\/categories?post=4315"},{"taxonomy":"post_tag","embeddable":true,"href":"https:\/\/www.editiespecialapress.ro\/newtest\/wp-json\/wp\/v2\/tags?post=4315"}],"curies":[{"name":"wp","href":"https:\/\/api.w.org\/{rel}","templated":true}]}}