{"id":4317,"date":"2016-12-26T00:01:09","date_gmt":"2016-12-25T21:01:09","guid":{"rendered":"http:\/\/www.editiespecialapress.ro\/?p=4317"},"modified":"2016-12-26T00:01:09","modified_gmt":"2016-12-25T21:01:09","slug":"la-multi-ani-editie-speciala-press","status":"publish","type":"post","link":"https:\/\/www.editiespecialapress.ro\/newtest\/2016\/12\/26\/la-multi-ani-editie-speciala-press\/","title":{"rendered":"La mul\u021bi ani! &#8211; Edi\u021bie Special\u0103 Press"},"content":{"rendered":"<p style=\"text-align: justify; background: white; vertical-align: baseline; margin: 0in 0in 11.25pt 0in;\"><span lang=\"RO\" style=\"font-size: 11.5pt; font-family: 'Georgia','serif'; color: #333333;\">Sufletul vostru s\u0103 vibreze \u00een armonie \u015fi pace, iubirea s\u0103 v\u0103 primeasc\u0103 \u00een bra\u021bele-i pline de c\u0103ldur\u0103 \u015fi duio\u015fie, iar norocul s\u0103 v\u0103 urmeze oriunde. Anul ce va veni s\u0103 v\u0103 ajute s\u0103 descoperi\u021bi minunea unei vie\u0163i \u00eemplinite. <\/span><\/p>\n<p style=\"text-align: justify; background: white; vertical-align: baseline; margin: 0in 0in 11.25pt 0in;\"><span lang=\"RO\" style=\"font-size: 11.5pt; font-family: 'Georgia','serif'; color: #333333;\">La mul\u021bi ani! <\/span><\/p>\n<p style=\"text-align: justify; background: white; vertical-align: baseline; margin: 0in 0in 11.25pt 0in;\"><span lang=\"RO\" style=\"font-size: 11.5pt; font-family: 'Georgia','serif'; color: #333333;\">Edi\u021bie Special\u0103 Press,<br \/>\ndirector Iulian Ratea cu toat\u0103 redac\u021bia<\/span><\/p>\n","protected":false},"excerpt":{"rendered":"<p>Sufletul vostru s\u0103 vibreze \u00een armonie \u015fi pace, iubirea s\u0103 v\u0103 primeasc\u0103 \u00een bra\u021bele-i pline de c\u0103ldur\u0103 \u015fi duio\u015fie, iar norocul s\u0103 v\u0103 urmeze oriunde. Anul ce va veni s\u0103 v\u0103 ajute s\u0103 descoperi\u021bi minunea unei vie\u0163i \u00eemplinite. La mul\u021bi ani! Edi\u021bie Special\u0103 Press, director Iulian Ratea cu toat\u0103 redac\u021bia<\/p>\n","protected":false},"author":2,"featured_media":4301,"comment_status":"closed","ping_status":"open","sticky":false,"template":"","format":"standard","meta":{"footnotes":""},"categories":[4],"tags":[],"class_list":{"0":"post-4317","1":"post","2":"type-post","3":"status-publish","4":"format-standard","5":"has-post-thumbnail","7":"category-felicitari"},"_links":{"self":[{"href":"https:\/\/www.editiespecialapress.ro\/newtest\/wp-json\/wp\/v2\/posts\/4317","targetHints":{"allow":["GET"]}}],"collection":[{"href":"https:\/\/www.editiespecialapress.ro\/newtest\/wp-json\/wp\/v2\/posts"}],"about":[{"href":"https:\/\/www.editiespecialapress.ro\/newtest\/wp-json\/wp\/v2\/types\/post"}],"author":[{"embeddable":true,"href":"https:\/\/www.editiespecialapress.ro\/newtest\/wp-json\/wp\/v2\/users\/2"}],"replies":[{"embeddable":true,"href":"https:\/\/www.editiespecialapress.ro\/newtest\/wp-json\/wp\/v2\/comments?post=4317"}],"version-history":[{"count":0,"href":"https:\/\/www.editiespecialapress.ro\/newtest\/wp-json\/wp\/v2\/posts\/4317\/revisions"}],"wp:featuredmedia":[{"embeddable":true,"href":"https:\/\/www.editiespecialapress.ro\/newtest\/wp-json\/"}],"wp:attachment":[{"href":"https:\/\/www.editiespecialapress.ro\/newtest\/wp-json\/wp\/v2\/media?parent=4317"}],"wp:term":[{"taxonomy":"category","embeddable":true,"href":"https:\/\/www.editiespecialapress.ro\/newtest\/wp-json\/wp\/v2\/categories?post=4317"},{"taxonomy":"post_tag","embeddable":true,"href":"https:\/\/www.editiespecialapress.ro\/newtest\/wp-json\/wp\/v2\/tags?post=4317"}],"curies":[{"name":"wp","href":"https:\/\/api.w.org\/{rel}","templated":true}]}}