{"id":4336,"date":"2017-01-05T23:49:14","date_gmt":"2017-01-05T20:49:14","guid":{"rendered":"http:\/\/www.editiespecialapress.ro\/?p=4336"},"modified":"2017-01-05T23:49:14","modified_gmt":"2017-01-05T20:49:14","slug":"la-multi-ani-editie-speciala-press-2","status":"publish","type":"post","link":"https:\/\/www.editiespecialapress.ro\/newtest\/2017\/01\/05\/la-multi-ani-editie-speciala-press-2\/","title":{"rendered":"La mul\u0163i ani! &#8211; Edi\u021bie Special\u0103 Press"},"content":{"rendered":"<p>F<span id=\"yui_3_16_0_ym19_1_1483259539718_2619\">ie ca toate \u00eemplinirile frumoase, s\u0103n\u0103tatea \u015fi spiritul acestei zile s\u0103 v\u0103 \u00eenso\u0163easc\u0103 pretutindeni. V\u0103 dorim o zi de\u00a0Sf\u00e2ntul Ioan\u00a0c\u00e2t mai frumoas\u0103! <\/span><\/p>\n<p><span id=\"yui_3_16_0_ym19_1_1483259539718_2619\">La mul\u0163i ani!\u00a0<\/span><\/p>\n<p style=\"text-align: right;\"><strong><span id=\"yui_3_16_0_ym19_1_1483259539718_4405\">Edi\u021bie Special\u0103 Press,<br \/>\ndirector general Iulian Ratea \u00eempreun\u0103 cu \u00eentreaga redac\u021bie<\/span><\/strong><\/p>\n","protected":false},"excerpt":{"rendered":"<p>Fie ca toate \u00eemplinirile frumoase, s\u0103n\u0103tatea \u015fi spiritul acestei zile s\u0103 v\u0103 \u00eenso\u0163easc\u0103 pretutindeni. V\u0103 dorim o zi de\u00a0Sf\u00e2ntul Ioan\u00a0c\u00e2t mai frumoas\u0103! La mul\u0163i ani!\u00a0 Edi\u021bie Special\u0103 Press, director general Iulian Ratea \u00eempreun\u0103 cu \u00eentreaga redac\u021bie<\/p>\n","protected":false},"author":2,"featured_media":4332,"comment_status":"closed","ping_status":"open","sticky":false,"template":"","format":"standard","meta":{"footnotes":""},"categories":[4],"tags":[],"class_list":{"0":"post-4336","1":"post","2":"type-post","3":"status-publish","4":"format-standard","5":"has-post-thumbnail","7":"category-felicitari"},"_links":{"self":[{"href":"https:\/\/www.editiespecialapress.ro\/newtest\/wp-json\/wp\/v2\/posts\/4336","targetHints":{"allow":["GET"]}}],"collection":[{"href":"https:\/\/www.editiespecialapress.ro\/newtest\/wp-json\/wp\/v2\/posts"}],"about":[{"href":"https:\/\/www.editiespecialapress.ro\/newtest\/wp-json\/wp\/v2\/types\/post"}],"author":[{"embeddable":true,"href":"https:\/\/www.editiespecialapress.ro\/newtest\/wp-json\/wp\/v2\/users\/2"}],"replies":[{"embeddable":true,"href":"https:\/\/www.editiespecialapress.ro\/newtest\/wp-json\/wp\/v2\/comments?post=4336"}],"version-history":[{"count":0,"href":"https:\/\/www.editiespecialapress.ro\/newtest\/wp-json\/wp\/v2\/posts\/4336\/revisions"}],"wp:featuredmedia":[{"embeddable":true,"href":"https:\/\/www.editiespecialapress.ro\/newtest\/wp-json\/"}],"wp:attachment":[{"href":"https:\/\/www.editiespecialapress.ro\/newtest\/wp-json\/wp\/v2\/media?parent=4336"}],"wp:term":[{"taxonomy":"category","embeddable":true,"href":"https:\/\/www.editiespecialapress.ro\/newtest\/wp-json\/wp\/v2\/categories?post=4336"},{"taxonomy":"post_tag","embeddable":true,"href":"https:\/\/www.editiespecialapress.ro\/newtest\/wp-json\/wp\/v2\/tags?post=4336"}],"curies":[{"name":"wp","href":"https:\/\/api.w.org\/{rel}","templated":true}]}}