{"id":4421,"date":"2017-02-08T17:52:31","date_gmt":"2017-02-08T14:52:31","guid":{"rendered":"http:\/\/www.editiespecialapress.ro\/?p=4421"},"modified":"2017-02-08T17:52:31","modified_gmt":"2017-02-08T14:52:31","slug":"guvernul-alterat-al-romaniei-nu-cedeaza-dna-ii-parcheaza-la-arestul-politiei-capitalei","status":"publish","type":"post","link":"https:\/\/www.editiespecialapress.ro\/newtest\/2017\/02\/08\/guvernul-alterat-al-romaniei-nu-cedeaza-dna-ii-parcheaza-la-arestul-politiei-capitalei\/","title":{"rendered":"Guvernul alterat al Rom\u00e2niei nu cedeaz\u0103, DNA \u00eei parcheaz\u0103 la arestul Poli\u0163iei Capitalei"},"content":{"rendered":"<figure id=\"attachment_4424\" aria-describedby=\"caption-attachment-4424\" style=\"width: 400px\" class=\"wp-caption alignleft\"><a href=\"http:\/\/www.editiespecialapress.ro\/wp\/wp-content\/uploads\/2017\/02\/Florin-Iordache-\u2013-o-cioar\u0103-gulerat\u0103-de-Caracal-care-va-fi-spulberat\u0103-de-popor.jpg\"><img loading=\"lazy\" decoding=\"async\" class=\"size-medium wp-image-4424\" src=\"http:\/\/www.editiespecialapress.ro\/wp\/wp-content\/uploads\/2017\/02\/Florin-Iordache-\u2013-o-cioar\u0103-gulerat\u0103-de-Caracal-care-va-fi-spulberat\u0103-de-popor-400x257.jpg\" alt=\"Florin Iordache \u2013 o cioar\u0103 gulerat\u0103 de Caracal care va fi spulberat\u0103 de popor\" width=\"400\" height=\"257\" \/><\/a><figcaption id=\"caption-attachment-4424\" class=\"wp-caption-text\">Florin Iordache \u2013 o cioar\u0103 gulerat\u0103 de Caracal care va fi spulberat\u0103 de popor<\/figcaption><\/figure>\n<p>Premierul Sorin Grindeanu, pre\u0219edintele Camerei Deputa\u0163ilor Liviu Dragnea, Ministrul Justi\u0163iei \u2013 Iordache Florin \u0219i pre\u0219edintele Senatului \u2013 C\u0103lin Popescu T\u0103riceanu, au \u00eencercat marea cu degetul, eliber\u00e2nd ordonan\u0163a favorizatoare infractorilor cu func\u0163ii publice \u0219i \u00eenc\u0103lc\u00e2nd \u00een mod abuziv Constitu\u0163ia Rom\u00e2niei, Conven\u0163ia pentru Ap\u0103rarea Drepturilor Omului, normele de drept interna\u0163ional, precum \u0219i Codul Penal.<\/p>\n<p>Dragii no\u0219tri cititori, continu\u0103m \u00een aceast\u0103 edi\u0163ie cu un grup infrac\u0163ional organizat format din patru politruci comuni\u0219ti \u2013 cei prezenta\u0163i \u00een titlu \u2013 care cu bun\u0103 \u0219tiin\u0163\u0103 s-au favorizat sau au \u00eencercat s\u0103 se favorizeze at\u00e2t pe ei, c\u00e2t \u0219i pe alte mii de politruci condamna\u0163i sau afla\u0163i \u00een curs de cercetare, dispun\u00e2nd eliberarea <a href=\"http:\/\/legislatie.just.ro\/Public\/DetaliiDocument\/186333\">OUG 13 de la 31\/01\/2017<\/a>.<\/p>\n<p>Cu premeditare, Liviu Dragnea, Sorin Grindeanu, Iordache Florin \u0219i C\u0103lin Popescu T\u0103riceanu au hot\u0103r\u00e2t \u00een tain\u0103 cea mai periculoas\u0103 ordonan\u0163\u0103 de urgen\u0163\u0103 din toate timpurile, pentru a se favoriza pe ei \u00een\u0219i\u0219i \u0219i pe alte mii de politruci pu\u0219c\u0103riabili cu prejudicii de zeci, sute, de milioane de euro, chiar miliarde de euro. Dac\u0103 aceast\u0103 ordonan\u0163\u0103 nr. 13 nu se abroga, exista posibilitatea s\u0103-\u0219i umeze efectul, prin a pune \u00een libertate mii de ho\u0163i cu prejudicii de zeci sau de milioane de euro. Oricum, celor 4 bandi\u0163i \u2013 Grindeanu, Dragnea, Iordache \u0219i T\u0103riceanu \u2013 le r\u0103m\u00e2n tentativele pentru mai multe infrac\u0163iuni.<\/p>\n<p>C\u00e2t\u0103 demen\u0163\u0103 s\u0103 ai pentru a trece la asemenea fapte penale, s\u0103 dispui prin ordonan\u0163\u0103 de urgen\u0163\u0103 reducerea pedepsei pentru abuz \u00een serviciu la 2 ani \u0219i \u0219ase luni \u0219i s\u0103 pui \u00een libertate pe to\u0163i cei care aveau un prejudiciu de p\u00e2n\u0103 la 200.000 de lei! Primii care beneficiau erau Dragnea \u0219i alte mii de politruci pu\u0219c\u0103ria\u0219i \u0219i penali. Ce inten\u0163ie au avut cei patru demen\u0163i s\u0103 pun\u0103 politruci la furat bugetul statului sau alte \u00eencas\u0103ri! Totul a fost organizat \u00een PSD-PCR la nivel na\u0163ional. Majoritatea primarilor au s\u0103rit \u00een sus \u0219i au ap\u0103rut \u00een presa scris\u0103 ar\u0103t\u00e2ndu-se foarte mul\u0163umi\u0163i de ordonan\u0163a de urgen\u0163\u0103. Cum s\u0103 nu fie mul\u0163umi\u0163i primarii \u0219i pre\u0219edin\u0163ii de consilii jude\u0163ene care fur\u0103 bugetele anual tehnic sistematic?! Din informa\u0163iile noastre a reie\u0219it c\u0103 domnii care au eliberat ordonan\u0163a de urgen\u0163\u0103 ar fi primit zeci de milioane de euro. Banii ar fi fost de la primari \u0219i pre\u0219edin\u0163i de consilii jude\u0163ene. Ei nu se a\u0219teptau la at\u00e2\u0163ia protestatari, au crezut c\u0103 tot poporul e prost \u0219i nu va zice nimic. Acum nu mai pot sc\u0103pa de ei, le-ar da \u0219i \u0219paga de zeci de milioane de euro primit\u0103 numai s\u0103-i lase s\u0103 guverneze. Uite c\u0103 nu pot prosti poporul nici cu \u0219paga primit\u0103. Dragnea, un \u0163igan de doi lei din Teleorman, joac\u0103 \u00een fa\u0163a na\u0163iunii de zici c\u0103 e \u00een clanul ursarilor din Teleorman. C\u00e2nd \u0163iganul a prins o func\u0163ie dou\u0103, se crede dumnezeul rom\u00e2nilor \u0219i de ne\u00eenvins. Greu s\u0103 cedeze cioara \u00eenaripat\u0103!<\/p>\n<figure id=\"attachment_4425\" aria-describedby=\"caption-attachment-4425\" style=\"width: 400px\" class=\"wp-caption alignright\"><a href=\"http:\/\/www.editiespecialapress.ro\/wp\/wp-content\/uploads\/2017\/02\/Liviu-Dragnea-\u2013-\u0163igan-f\u0103r\u0103-scrupule-care-va-fi-dat-jos-cu-for\u0163a-de-popor.jpg\"><img loading=\"lazy\" decoding=\"async\" class=\"size-medium wp-image-4425\" src=\"http:\/\/www.editiespecialapress.ro\/wp\/wp-content\/uploads\/2017\/02\/Liviu-Dragnea-\u2013-\u0163igan-f\u0103r\u0103-scrupule-care-va-fi-dat-jos-cu-for\u0163a-de-popor-400x300.jpg\" alt=\"Liviu Dragnea \u2013 \u0163igan f\u0103r\u0103 scrupule care va fi dat jos cu for\u0163a de popor\" width=\"400\" height=\"300\" \/><\/a><figcaption id=\"caption-attachment-4425\" class=\"wp-caption-text\">Liviu Dragnea \u2013 \u0163igan f\u0103r\u0103 scrupule care va fi dat jos cu for\u0163a de popor<\/figcaption><\/figure>\n<p>Au venit la noi zeci de cet\u0103\u0163eni din Ro\u0219iorii de Vede \u0219i ne-au relatat despre mai multe infrac\u0163iuni pe care le-a comis \u0163iganul de Dragnea, precum \u0219i despre palatele pe care le are p\u00e2n\u0103 la Teleorman. C\u0103z\u0103tura de Dragnea \u0219i-a pus tovar\u0103\u0219i de-ai lui s\u0103 cumpere terenuri \u0219i s\u0103-i fac\u0103 palate din zece \u00een zece kilometri p\u00e2n\u0103 la Teleorman. Prietenii lui sunt cei cu societ\u0103\u0163ile comerciale b\u0103ga\u0163i de Dragnea \u00een fa\u0163\u0103. Dragnea le e st\u0103p\u00e2nul, nu-i ies din cuv\u00e2nt, au \u0219i ei un procent la profit, sunt c\u00e2ini credincio\u0219i. \u0162iganul de Dragnea le aranjeaz\u0103 la aproximativ toate prim\u0103riile \u0219i ministerele s\u0103 le aprobe contracte pentru modernizarea ora\u0219elor, satelor \u0219i a drumurilor na\u0163ionale. Chipurile, managerii care conduc firmele lui Dragnea se laud\u0103 \u0219i la Pite\u0219ti \u0219i la Teleorman c\u0103 \u0219eful lor doar d\u0103 un telefon \u0219i ob\u0163ine contracte de pus pavele ca la Pite\u0219ti. Efectueaz\u0103 pentru Dragnea orice lucrare de la un milion de euro \u00een sus. Dragnea perversul r\u00e2de \u0219i crede c\u0103 noi nu am aflat ce tehnic\u0103 infrac\u0163ional\u0103 folose\u0219te. Pentru noi e un turi-buri pe care \u00eel vom \u00eengenunchea \u0219i lega. \u0162iganul se crede prea \u0219mecher, nu e nimic de capul lui, a fost un prost \u0219i va fi un bou de Jilava. Acest turi-buri Dragnea \u00eencearc\u0103 sistematic desfiin\u0163area Codului Penal pentru a nu mai r\u0103spunde penal nici el nici javrele de infractori PSD. Prin ceea ce face javra ordinar\u0103 prejudiciaz\u0103 Parchetele, Justi\u0163ia, \u00eempiedic\u0103 recuperarea prejudiciilor produse de infractori, urm\u0103re\u0219te s\u0103 nu mai r\u0103spund\u0103 penal infractori ca el \u0219i ca T\u0103riceanu. Hitler Ponta a f\u0103cut deja un Cod Penal de te iei cu m\u00e2inile de cap. Unde s-a mai pomenit \u00een lume s\u0103 faci \u00eencadr\u0103ri la abuz \u00een serviciu de la 2 la 7 ani?! La abuzul \u00een serviciu trebuia s\u0103 fie \u00eencadr\u0103ri de la 5 la 15 ani sau de la 15 la 25 de ani. Dac\u0103 un ho\u0163 a furat o biciclet\u0103 \u00eencaseaz\u0103 4 ani de pu\u0219c\u0103rie. O \u0163iganc\u0103 ce a furat 4 g\u0103ini a primit 4 ani de pu\u0219c\u0103rie. Cei care comit abuzuri \u00een timpul serviciului, elibereaz\u0103 tot felul de documente fictive \u0219i creeaz\u0103 prejudicii de zeci, sute de milioane de euro. Acestea nu sunt fapte penale<\/p>\n<figure id=\"attachment_4427\" aria-describedby=\"caption-attachment-4427\" style=\"width: 400px\" class=\"wp-caption alignleft\"><a href=\"http:\/\/www.editiespecialapress.ro\/wp\/wp-content\/uploads\/2017\/02\/Sorin-Grindeanu-\u2013-tot-o-cioar\u0103-retardat\u0103-f\u0103r\u0103-scrupule-care-va-fi-data-jos-din-cuib-de-popor.jpg\"><img loading=\"lazy\" decoding=\"async\" class=\"size-medium wp-image-4427\" src=\"http:\/\/www.editiespecialapress.ro\/wp\/wp-content\/uploads\/2017\/02\/Sorin-Grindeanu-\u2013-tot-o-cioar\u0103-retardat\u0103-f\u0103r\u0103-scrupule-care-va-fi-data-jos-din-cuib-de-popor-400x267.jpg\" alt=\"Sorin Grindeanu \u2013 tot o cioar\u0103 retardat\u0103, f\u0103r\u0103 scrupule, care va fi data jos din cuib de popor\" width=\"400\" height=\"267\" \/><\/a><figcaption id=\"caption-attachment-4427\" class=\"wp-caption-text\">Sorin Grindeanu \u2013 tot o cioar\u0103 retardat\u0103, f\u0103r\u0103 scrupule, care va fi data jos din cuib de popor<\/figcaption><\/figure>\n<p>grave? Abuzul trebuie c\u00e2nt\u0103rit dup\u0103 gravitatea faptelor \u00een special \u00een func\u0163ie de prejudiciu. Dac\u0103 le faci \u00eencadr\u0103rile mai sus men\u0163ionate, mai au tupeu javrele de ho\u0163i politruci s\u0103 fure patrimoniul institu\u0163iilor, bugetele anuale sau banii UE. Numai prin m\u0103suri aspre \u0219i pedepse mari se opresc ho\u0163ii de la furat; altfel, afirm\u0103 c\u0103 e democra\u0163ie, fac ce vor cu patrimoniul \u0219i cu banii statului. De ce \u00een alte \u0163\u0103ri infrac\u0163ionalitatea este mai mic\u0103 \u00een ceea ce prive\u0219te furtul din banii statului \u0219i patrimoniul statului? Au pedepse mari \u0219i ho\u0163ii politruci nu se \u00eenham\u0103 s\u0103-\u0219i ia pedepse mari. Aveau politrucii rom\u00e2ni tupeu s\u0103 fure dac\u0103 erau legile ca \u00een S.U.A.? Se eliberau b\u0103tr\u00e2ni, f\u0103r\u0103 poft\u0103 de via\u0163\u0103, rugini\u0163i de p\u00e2rnaie. Ce vor Dragnea, T\u0103riceanu, Iordache \u0219i Grindeanu s\u0103 fac\u0103 este o lovitur\u0103 mare la adresa securit\u0103\u0163ii na\u0163ionale? Agit\u0103 poporul de nu mai pot lucra bie\u0163ii oameni, se g\u00e2ndesc la debandada care va fi \u00een \u0163ar\u0103, la pericolul ce vine din partea infractorilor \u0219.a.m.d.<\/p>\n<p>Dac\u0103 Dragnea \u0219i ceilal\u0163i nu abrogau ordonan\u0163a de urgen\u0163\u0103, s\u0103 fi v\u0103zut ho\u0163ii de politruci cum se frecau cu m\u00e2inile pe burt\u0103 r\u00e2z\u00e2nd! Nenoroci\u0163ii \u00ee\u0219i f\u0103cuser\u0103 ordonan\u0163a de urgen\u0163\u0103 pentru a fura banul public \u0219i patrimoniul institu\u0163iilor. Al\u0163ii din popor nu aveau acest drept s\u0103 fure? S\u0103 fure numai politrucii, bie\u0163ii de ei, nu au furat p\u00e2n\u0103 acum \u0219i nu au bani! Prima infrac\u0163iune, cea mai grav\u0103 pe care au s\u0103v\u00e2r\u0219it-o, este aceea de punere \u00een pericol a securit\u0103\u0163ii na\u0163ionale, acum le-a r\u0103mas doar tentativa. Au g\u00e2ndit-o bine escrocii, e greu s\u0103-i \u00eencadrezi penal. \u015ei-au f\u0103cut un cod penal P.S.D. de nu pot r\u0103spunde nicicum. Doar b\u0103tu\u0163i zdrav\u0103n de popor<\/p>\n<figure id=\"attachment_4428\" aria-describedby=\"caption-attachment-4428\" style=\"width: 396px\" class=\"wp-caption alignright\"><a href=\"http:\/\/www.editiespecialapress.ro\/wp\/wp-content\/uploads\/2017\/02\/T\u0103riceanu-pramatia-na\u0163iunii.jpg\"><img loading=\"lazy\" decoding=\"async\" class=\"size-medium wp-image-4428\" src=\"http:\/\/www.editiespecialapress.ro\/wp\/wp-content\/uploads\/2017\/02\/T\u0103riceanu-pramatia-na\u0163iunii-396x300.jpg\" alt=\"T\u0103riceanu, pramatia na\u0163iunii\" width=\"396\" height=\"300\" \/><\/a><figcaption id=\"caption-attachment-4428\" class=\"wp-caption-text\">T\u0103riceanu, pramatia na\u0163iunii<\/figcaption><\/figure>\n<p>vor pleca de la guvernare. Mizeriile \u0219i-au f\u0103cut legi astfel \u00eenc\u00e2t s\u0103 nu-i po\u0163i \u00eencadra penal. Dup\u0103 normele europene \u0219i dreptul interna\u0163ional, pot r\u0103spunde jigodiile \u0219i penal. Din acest motiv au tupeu \u0163iganii P.S.D., Dragnea, T\u0103riceanu, Iordache \u0219i Grindeanu, ei \u0219tiu c\u0103 nu pot fi \u00eencadra\u0163i pe legisla\u0163ia rom\u00e2n\u0103. Codul Penal f\u0103cut de Ponta a fost \u00een mare parte schimbat pentru a nu putea fi tra\u0219i la r\u0103spundere penal\u0103 mii \u0219i zeci de mii de infractori periculo\u0219i precum Dragnea, T\u0103riceanu, Iordache \u0219i Grindeanu. Sf\u00e2r\u0219it bun nu au ace\u0219tia, dac\u0103 vor sta tot \u00een pozi\u0163ia aceasta, vor fi lua\u0163i pe sus de popor la un moment dat. A\u0219teapt\u0103 jego\u0219ii s\u0103 o fac\u0103 poporul \u0219i pe asta. Stau \u00eenfractorii in Guvern ca g\u0103ina pe ou\u0103; a\u0219teapt\u0103 s\u0103 le ias\u0103 puii de draci. \u015ei-au tras b\u0103ie\u0163ii \u0219p\u0103gi de zeci de milioane de euro de la pre\u0219edin\u0163ii de consilii jude\u0163ene din \u0163ar\u0103, le-au dat buget pe s\u0103turate ca s\u0103 aib\u0103 \u0219i ei ce roade tot anul cu primarii de cas\u0103. De ce crede\u0163i c\u0103 se bat ei pe putere? C\u00e2nd \u00eempart bugetul la \u00eenceput de an \u00ee\u0219i cheam\u0103 pre\u0219edin\u0163ii de consilii jude\u0163ene. Le solicit\u0103 10% din valoarea pe care le-o dau, pre\u0219edin\u0163ii de consilii jude\u0163ene le solicit\u0103 primarilor P.S.D. 20% din valoarea de bani pe care le-o dau \u0219i a\u0219a \u00ee\u0219i fac \u0219mecherii bani. Dup\u0103<\/p>\n<figure id=\"attachment_4429\" aria-describedby=\"caption-attachment-4429\" style=\"width: 400px\" class=\"wp-caption alignleft\"><a href=\"http:\/\/www.editiespecialapress.ro\/wp\/wp-content\/uploads\/2017\/02\/Guvernul-Rom\u00e2niei-\u2013-cuibul-ciorilor-tupeiste.jpg\"><img loading=\"lazy\" decoding=\"async\" class=\"size-medium wp-image-4429\" src=\"http:\/\/www.editiespecialapress.ro\/wp\/wp-content\/uploads\/2017\/02\/Guvernul-Rom\u00e2niei-\u2013-cuibul-ciorilor-tupeiste-400x187.jpg\" alt=\"Guvernul Rom\u00e2niei \u2013 cuibul ciorilor tupeiste\" width=\"400\" height=\"187\" \/><\/a><figcaption id=\"caption-attachment-4429\" class=\"wp-caption-text\">Guvernul Rom\u00e2niei \u2013 cuibul ciorilor tupeiste<\/figcaption><\/figure>\n<p>aceea, primarii \u00ee\u0219i cheam\u0103 firmele de cas\u0103, le accept\u0103 devize umflate pentru lucr\u0103ri cu compresorul care \u0163in dou\u0103 luni, maximum trei. Anul urm\u0103tor merg din nou la buget cu traistele de euro. A\u0219a s-au \u00eembog\u0103\u0163it to\u0163i care au lucrat \u00een guverne, consilii jude\u0163ene, prim\u0103rii.<\/p>\n<p style=\"text-align: right;\"><strong>Articol de Liviu Costache<\/strong><\/p>\n","protected":false},"excerpt":{"rendered":"<p>Premierul Sorin Grindeanu, pre\u0219edintele Camerei Deputa\u0163ilor Liviu Dragnea, Ministrul Justi\u0163iei \u2013 Iordache Florin \u0219i pre\u0219edintele Senatului \u2013 C\u0103lin Popescu T\u0103riceanu, au \u00eencercat marea cu degetul, eliber\u00e2nd ordonan\u0163a favorizatoare infractorilor cu func\u0163ii publice \u0219i \u00eenc\u0103lc\u00e2nd \u00een mod abuziv Constitu\u0163ia Rom\u00e2niei, Conven\u0163ia pentru Ap\u0103rarea Drepturilor Omului, normele de drept interna\u0163ional, precum \u0219i Codul Penal. Dragii no\u0219tri cititori, [&hellip;]<\/p>\n","protected":false},"author":2,"featured_media":4422,"comment_status":"closed","ping_status":"open","sticky":false,"template":"","format":"standard","meta":{"footnotes":""},"categories":[2],"tags":[484,243,485,275,486,487,488,489],"class_list":{"0":"post-4421","1":"post","2":"type-post","3":"status-publish","4":"format-standard","5":"has-post-thumbnail","7":"category-ancheta","8":"tag-apararea-drepturilor-omului","9":"tag-calin-popescu-tariceanu","10":"tag-iordache-florin","11":"tag-liviu-dragnea","12":"tag-ministrul-justitiei-iordache-florin-si-presedintele-senatului-calin-popescu-tariceanu","13":"tag-premierul-sorin-grindeanu","14":"tag-presedintele-camerei-deputatilor-liviu-dragnea","15":"tag-sorin-grindeanu"},"_links":{"self":[{"href":"https:\/\/www.editiespecialapress.ro\/newtest\/wp-json\/wp\/v2\/posts\/4421","targetHints":{"allow":["GET"]}}],"collection":[{"href":"https:\/\/www.editiespecialapress.ro\/newtest\/wp-json\/wp\/v2\/posts"}],"about":[{"href":"https:\/\/www.editiespecialapress.ro\/newtest\/wp-json\/wp\/v2\/types\/post"}],"author":[{"embeddable":true,"href":"https:\/\/www.editiespecialapress.ro\/newtest\/wp-json\/wp\/v2\/users\/2"}],"replies":[{"embeddable":true,"href":"https:\/\/www.editiespecialapress.ro\/newtest\/wp-json\/wp\/v2\/comments?post=4421"}],"version-history":[{"count":0,"href":"https:\/\/www.editiespecialapress.ro\/newtest\/wp-json\/wp\/v2\/posts\/4421\/revisions"}],"wp:featuredmedia":[{"embeddable":true,"href":"https:\/\/www.editiespecialapress.ro\/newtest\/wp-json\/"}],"wp:attachment":[{"href":"https:\/\/www.editiespecialapress.ro\/newtest\/wp-json\/wp\/v2\/media?parent=4421"}],"wp:term":[{"taxonomy":"category","embeddable":true,"href":"https:\/\/www.editiespecialapress.ro\/newtest\/wp-json\/wp\/v2\/categories?post=4421"},{"taxonomy":"post_tag","embeddable":true,"href":"https:\/\/www.editiespecialapress.ro\/newtest\/wp-json\/wp\/v2\/tags?post=4421"}],"curies":[{"name":"wp","href":"https:\/\/api.w.org\/{rel}","templated":true}]}}