{"id":4444,"date":"2017-02-19T19:17:05","date_gmt":"2017-02-19T16:17:05","guid":{"rendered":"http:\/\/www.editiespecialapress.ro\/?p=4444"},"modified":"2017-02-19T19:17:05","modified_gmt":"2017-02-19T16:17:05","slug":"avocatul-stanescu-paul-judecatorii-stan-mircea-si-podea-simona-elena-dau-amenzi-in-mod-abuziv-primarul-dumitru-ion-a-infiintat-in-mod-abuziv-comisii-pentru-concurs-pe-posturile-de-contabil-sef-secr","status":"publish","type":"post","link":"https:\/\/www.editiespecialapress.ro\/newtest\/2017\/02\/19\/avocatul-stanescu-paul-judecatorii-stan-mircea-si-podea-simona-elena-dau-amenzi-in-mod-abuziv-primarul-dumitru-ion-a-infiintat-in-mod-abuziv-comisii-pentru-concurs-pe-posturile-de-contabil-sef-secr\/","title":{"rendered":"Avocatul St\u0103nescu Paul, judec\u0103torii Stan Mircea \u0219i Podea Simona Elena dau amenzi \u00een mod abuziv, Primarul Dumitru Ion a \u00eenfiin\u0163at \u00een mod abuziv comisii pentru concurs pe posturile de contabil-\u0219ef, secretar etc."},"content":{"rendered":"<figure id=\"attachment_4446\" aria-describedby=\"caption-attachment-4446\" style=\"width: 400px\" class=\"wp-caption alignleft\"><a href=\"http:\/\/www.editiespecialapress.ro\/wp\/wp-content\/uploads\/2017\/02\/Ion-Dumitru-\u0219eful-comisiei-fictive-pentru-concursuri-pe-posturile-de-secretar-\u0219i-contabil.jpg\"><img loading=\"lazy\" decoding=\"async\" class=\"size-medium wp-image-4446\" src=\"http:\/\/www.editiespecialapress.ro\/wp\/wp-content\/uploads\/2017\/02\/Ion-Dumitru-\u0219eful-comisiei-fictive-pentru-concursuri-pe-posturile-de-secretar-\u0219i-contabil-400x296.jpg\" alt=\"Ion Dumitru, \u0219eful comisiei fictive pentru concursuri pe posturile de secretar \u0219i contabil\" width=\"400\" height=\"296\" \/><\/a><figcaption id=\"caption-attachment-4446\" class=\"wp-caption-text\">Ion Dumitru, \u0219eful comisiei fictive pentru concursuri pe posturile de secretar \u0219i contabil<\/figcaption><\/figure>\n<p>Avocatul St\u0103nescu Paul de la Baroul Arge\u0219 , judec\u0103torii Stan Mircea \u0219i Podea Simona Elena dau amenzi judiciare victimelor f\u0103r\u0103 a se \u00eencadra \u00een temeiul legal, Dumitru Ion, primarul comunei Albota, Arge\u0219 a \u00eenfiin\u0163at comisii pentru participare la concurs pentru diferite func\u0163ii publice f\u0103r\u0103 a avea temeiul legal, secretar, contabil-\u0219ef \u0219.a.m.d. au \u00eencasat \u0219i \u00eencaseaz\u0103 3000 de lei pe lun\u0103 ilegal \u00eentre anii 2000 \u0219i 2017.<\/p>\n<p>Dragii no\u0219tri cititori, continu\u0103m \u00een aceast\u0103 edi\u0163ie cu avocatul instigator diversionist St\u0103nescu, judec\u0103torii nesim\u0163i\u0163i \u0219i f\u0103r\u0103 scrupule Stan \u0219i Podea care dau amenzi \u00een s\u0103lile de \u0219edin\u0163\u0103 victimelor cu o v\u00e2rst\u0103 de peste 81 de ani, Primarul f\u0103r\u0103 scrupule Dumitru \u0219i al\u0163ii au luat \u0219p\u0103gi pentru constituirea unor comisii fictive pentru angajarea mai multor func\u0163ionari la Prim\u0103ria Albota, jude\u0163ul Arge\u0219.<\/p>\n<p>\u00cencepem a v\u0103 prezenta cea mai mare jigodie pervers\u0103 de avocat \u0219i pe deasupra un mare instigator al tuturor completelor de judecat\u0103 din Arge\u0219. Acest chipurile avocat, fiu de mili\u0163ian comunist, este angajat de alte p\u0103r\u0163i din dosare, precum s-a \u0219i \u00eent\u00e2mplat \u00een cazul victimei Dumitra\u0219cu Spiridon din Pite\u0219ti, care se judeca pentru retroced\u0103ri de terenuri. Fratele acestuia, Dumitra\u0219cu Marin, l-a angajat pe nemernicul avocat St\u0103nescu Paul pentru a-i ob\u0163ine amenzi \u0219i amenin\u0163\u0103ri din partea judec\u0103torilor. Acest avocat pervers face \u00een s\u0103lile de judecat\u0103 glume cu judec\u0103torii c\u0103rora le d\u0103 darul, \u00ee\u0219i permite de la el putere s\u0103 solicite cu voce tare amendarea p\u0103r\u0163ilor adverse, precum Dumitra\u0219cu Spiridon, victima nesim\u0163i\u0163ilor judec\u0103tori \u0219i a avocatului. Dumitra\u0219cu Spiridon are v\u00e2rsta de 81 de ani, o v\u00e2rst\u0103 la care nu-l mai po\u0163i lua de baz\u0103 ca pe un om \u00eentre v\u00e2rsta de 30 \u0219i 60 de ani. Legea prevede ca dup\u0103 v\u00e2rsta de 65 de ani, la semnarea unor documente s\u0103 fii expertizat psihic pentru a se stabili dac\u0103 ai discern\u0103m\u00e2ntul p\u0103strat sau sc\u0103zut. Judec\u0103torii Stan \u0219i Podea \u0219tiau c\u0103 Dumitra\u0219cu Spiridon nu poate fi luat \u00een considerare ca un cet\u0103\u0163ean t\u00e2n\u0103r cu discern\u0103m\u00e2nt normal, dar au trecut direct, cu tupeu \u0219i cu o mare demen\u0163\u0103, la amendarea acestuia. Dumitra\u0219cu Spiridon a f\u0103cut \u0219i el c\u00e2te o cerere care reprezenta unele \u00eenc\u0103lc\u0103ri din deciziile anterioare. La insisten\u0163ele avocatului pervers St\u0103nescu, judec\u0103torii au dispus amendarea lui Dumitra\u0219cu Spiridon, ca s\u0103 nu mai spunem ce critici i-au adus<\/p>\n<figure id=\"attachment_4447\" aria-describedby=\"caption-attachment-4447\" style=\"width: 280px\" class=\"wp-caption alignright\"><a href=\"http:\/\/www.editiespecialapress.ro\/wp\/wp-content\/uploads\/2017\/02\/Avocat-infractor-Stanescu-Paul-8.jpg\"><img loading=\"lazy\" decoding=\"async\" class=\"size-medium wp-image-4447\" src=\"http:\/\/www.editiespecialapress.ro\/wp\/wp-content\/uploads\/2017\/02\/Avocat-infractor-Stanescu-Paul-8-280x300.jpg\" alt=\"Avocat infractor Stanescu Paul 8\" width=\"280\" height=\"300\" \/><\/a><figcaption id=\"caption-attachment-4447\" class=\"wp-caption-text\">Avocat infractor Stanescu Paul 8<\/figcaption><\/figure>\n<p>victimei \u00een \u00eencheierea de \u0219edin\u0163\u0103 din 11.05.2016, dosarul nr. 10755\/280\/2016. C\u00e2nd am studiat aceast\u0103 \u00eencheiere de \u0219edin\u0163\u0103 ne-am amintit de regimul comunist. Ace\u0219ti doi judec\u0103tori \u00ee\u0219i bat joc de to\u0163i cet\u0103\u0163enii arge\u0219eni. Fratele lui Spiridon \u2013 Marin \u2013 a prins \u0219i mai mare tupeu v\u0103z\u00e2nd realiz\u0103rile avocatului St\u0103nescu prin amendarea victimei; a \u00eenceput s\u0103-l amenin\u0163e pe Spiridon c\u0103 va face tot posibilul s\u0103-l bage la \u00eenchisoare. \u0162ipa dup\u0103 el: \u201eAmenda asta se transform\u0103 \u00een pu\u0219c\u0103rie, n-ai s\u0103 mai scapi!\u201d. Dumitra\u0219cu Spiridon a fost speriat \u0219i terorizat cu pu\u0219c\u0103ria de ace\u0219ti oameni de nimic. St\u0103nescu Paul pune nesim\u0163i\u0163ii de judec\u0103tori s\u0103 amendeze victimele care sunt p\u0103r\u0163i ,\u00een dosar, s\u0103 le \u00eenl\u0103ture c\u00e2t mai repede \u0219i s\u0103 le fac\u0103 s\u0103 cedeze la mo\u0219teniri. Aceast\u0103 tehnic\u0103 mizerabil\u0103 o folosea \u0219i r\u0103posatul tat\u0103 fost mili\u0163ian \u0219i avocat; \u0103la a plecat, va pleca \u0219i \u0103sta de t\u00e2n\u0103r dup\u0103 tac-so. Ce a l\u0103sat cotoiul s\u0103m\u00e2n\u0163\u0103 \u00een pisic\u0103 tot \u0219oareci m\u0103n\u00e2nc\u0103. Nu mai punem la socoteal\u0103 alte \u00eenc\u0103lc\u0103ri grave pe care le-au comis ace\u0219ti judec\u0103tori \u00een dosarele pentru retroced\u0103ri de terenuri. Judec\u0103torii \u0219i-au primit darul de la St\u0103nescu Paul, iar victima Dumitra\u0219cu Spiridon ce era s\u0103 primeasc\u0103 altceva dec\u00e2t amenzi \u0219i nedrept\u0103\u0163i \u00een dosare?! Ace\u0219tia sunt judec\u0103tori de la Judec\u0103toria Pite\u0219ti, Sec\u0163ia Civil\u0103: cu m\u00e2n\u0103 numai de luat, dreptate de rahat.<\/p>\n<figure id=\"attachment_4448\" aria-describedby=\"caption-attachment-4448\" style=\"width: 305px\" class=\"wp-caption alignleft\"><a href=\"http:\/\/www.editiespecialapress.ro\/wp\/wp-content\/uploads\/2017\/02\/infractor-Dumitrascu-Marin-Oarja-Arges-3.jpg\"><img loading=\"lazy\" decoding=\"async\" class=\"size-medium wp-image-4448\" src=\"http:\/\/www.editiespecialapress.ro\/wp\/wp-content\/uploads\/2017\/02\/infractor-Dumitrascu-Marin-Oarja-Arges-3-305x300.jpg\" alt=\"infractor Dumitrascu Marin - Oarja-Arges 3\" width=\"305\" height=\"300\" \/><\/a><figcaption id=\"caption-attachment-4448\" class=\"wp-caption-text\">infractor Dumitrascu Marin &#8211; Oarja-Arges 3<\/figcaption><\/figure>\n<p>Din anul 2000, primarul comunei Albota Ion Dumitru a hot\u0103r\u00e2t cu al\u0163i infractori constituirea unor comisii pentru a-i pune \u00een func\u0163ii pe cei cu dare de m\u00e2n\u0103. Cu mintea lui bolnav\u0103, pu\u0219c\u0103riabilul Dumitru a format o comisie de examinare \u00eempreun\u0103 cu Negoescu Vasile de la Oficiul Juridic al C.J.Arge\u0219 \u0219i cu al\u0163i func\u0163ionari din Prim\u0103ria Albota. Cam prin 2001-2002, Dumitru \u0219i-a ales ca secretar\u0103 pe Paraschiv Elena (Nadia). Aceasta a venit cu dedica\u0163ie la Dumitru pentru a o face secretar\u0103 la Prim\u0103ria Albota. Ca toate celelalte angajate, Paraschiv Elena i-a \u00eenm\u00e2nat b\u0103ni\u0219ori pentru a o ajuta s\u0103 devin\u0103 secretara Prim\u0103riei. Bandit, Dumitru i-a spus: \u201eNadia, tu mergi la Negoescu Vasile pentru a-\u0163i da \u00eentreb\u0103rile \u0219i r\u0103spunsurile.\u201d A\u0219a a \u0219i f\u0103cut Nadia Paraschiv. Ea a \u00eenv\u0103\u0163at de la Negoescu tot, iar ceilal\u0163i care s-au prezentat la concurs pentru postul de secretar nu \u0219tiau pentru cine este preg\u0103tit\u0103 aceast\u0103 func\u0163ie. Au participat la concurs b\u0103ie\u0163i \u0219i fete, dar c\u00e2\u0219tig\u0103toare a fost Paraschiv Elena, zis\u0103 Nadia. B\u0103i fra\u0163ilor, dac\u0103 nu ai fler \u0219i ai doar fluier, trece via\u0163a pe l\u00e2ng\u0103 tine, te fac bandi\u0163ii de b\u00e2\u0163\u00e2i ca Fra\u021bii Petreu\u0219. Minunea minunilor este c\u0103 ar fi trebuit s\u0103 se \u0163in\u0103 concursul la Sediul Agen\u0163iei Na\u0163ionale a Func\u0163ionarilor Publici, Bucure\u0219ti. Dumitru \u0219i Negoescu, precum \u0219i ceilal\u0163i din Prim\u0103rie care au participat \u00een comisia de examinare la Prim\u0103ria Albota s-au crezut cea mai tare comisie pentru secretari din \u0163ar\u0103, dar nu \u0219i-au \u00eenchipuit ce-i a\u0219tepta. Dumitru a trimis-o pe amanta lui, Neac\u0219u Elena, la facultate, pentru a deveni contabil\u0103-\u0219ef\u0103 a Prim\u0103riei. Dup\u0103 ce a terminat Neac\u0219u Elena facultatea, Dumitru a chemat un alt infractor de la ANAF Pite\u0219ti pentru a o ajuta s\u0103 c\u00e2\u0219tige<\/p>\n<figure id=\"attachment_4449\" aria-describedby=\"caption-attachment-4449\" style=\"width: 262px\" class=\"wp-caption alignright\"><a href=\"http:\/\/www.editiespecialapress.ro\/wp\/wp-content\/uploads\/2017\/02\/Podea-Simona-Elena-infractoare-judecatoare-4.jpg\"><img loading=\"lazy\" decoding=\"async\" class=\"size-medium wp-image-4449\" src=\"http:\/\/www.editiespecialapress.ro\/wp\/wp-content\/uploads\/2017\/02\/Podea-Simona-Elena-infractoare-judecatoare-4-262x300.jpg\" alt=\"Podea Simona Elena infractoare - judecatoare 4\" width=\"262\" height=\"300\" \/><\/a><figcaption id=\"caption-attachment-4449\" class=\"wp-caption-text\">Podea Simona Elena infractoare &#8211; judecatoare 4<\/figcaption><\/figure>\n<p>postul de contabil-\u0219ef la Prim\u0103ria Albota. S-a format din nou comisia fictiv\u0103, a validat-o pe escroaca de chipurile contabil\u0103, iar ceilal\u0163i participan\u0163i la chipurile concurs au plecat cu coada \u00eentre picioare. Unele dintre celelalte posturi disponibile au fost ocupate f\u0103r\u0103 a se mai \u0163ine vreun concurs fictiv. Credem c\u0103 a\u0163i realizat ce ordin\u0103rime au f\u0103cut Dumitru \u0219i ceilal\u0163i netrebnici. Concursul pentru postul de contabil se \u0163ine la Bucure\u0219ti, iar comisia este format\u0103 numai din exper\u0163i, nu din bandi\u0163i ciubucari. Aceste dou\u0103 vagaboande \u2013 Paraschiv Elena \u0219i Neac\u0219u Elena, talpa iadului, au salarii \u00eentre 2500 \u0219i 3000 de lei pe lun\u0103. Dac\u0103 \u00eenmul\u0163im 2500 de lei pe lun\u0103 cu 17 ani rezult\u0103 510.000 de lei. Aceste dou\u0103 bandite au furat deci din banul public aproximativ 1.020.000 de lei. \u00cen loc s\u0103 ob\u0163in\u0103 posturile de secretar \u0219i de contabil alte persoane competente, Paraschiv Elena \u0219i Neac\u0219u Elena \u00eencaseaz\u0103 \u0219i la aceast\u0103 or\u0103 salarii de salarii. Ele au furat anual bugetele cu firmele de cas\u0103 ale primarului, au emis peste 3800 de adeverin\u0163e fictive, contracte fictive etc. S\u0103 nu care cumva s\u0103 se g\u00e2ndeasc\u0103 la prescrip\u0163ia r\u0103spunderii penale. Procurorii trebuie s\u0103 le cerceteze, s\u0103 stabileasc\u0103 infrac\u0163iunile ce au fost comise \u00eentre anii 2000 \u0219i 2003, s\u0103 constate paguba de circa 1.020.000 de lei adus\u0103 statului p\u00e2n\u0103 \u00een prezent. Infrac\u0163iunile lor de a m\u00e2nca banii statului opereaz\u0103 \u0219i la aceast\u0103 or\u0103. Mai au dosare \u0219i sunt cercetate \u00een mai multe dosare,<\/p>\n<figure id=\"attachment_4450\" aria-describedby=\"caption-attachment-4450\" style=\"width: 400px\" class=\"wp-caption alignleft\"><a href=\"http:\/\/www.editiespecialapress.ro\/wp\/wp-content\/uploads\/2017\/02\/Prim\u0103rie-nou\u0103-infractori-vechi-e1487520980407.jpg\"><img loading=\"lazy\" decoding=\"async\" class=\"size-medium wp-image-4450\" src=\"http:\/\/www.editiespecialapress.ro\/wp\/wp-content\/uploads\/2017\/02\/Prim\u0103rie-nou\u0103-infractori-vechi-400x300.jpg\" alt=\"Prim\u0103rie nou\u0103, infractori vechi\" width=\"400\" height=\"300\" \/><\/a><figcaption id=\"caption-attachment-4450\" class=\"wp-caption-text\">Prim\u0103rie nou\u0103, infractori vechi<\/figcaption><\/figure>\n<p>prescrip\u0163ia r\u0103spunderii penale s\u0103 o pun\u0103 \u00een cui. Dac\u0103 a\u0219a s-a ajuns ca un primar s\u0103 formeze comisii fictive contrar legilor statului \u0219i de la el putere s\u0103 decid\u0103 angajarea celor dou\u0103 fictive pe posturi, atunci nu mai avem alte solu\u0163ii dec\u00e2t s\u0103 \u00eei trimitem spre \u00eencarcerare at\u00e2t pe edil c\u00e2t \u0219i pe cele dou\u0103 angajate. Bandi\u0163ii au ocupat Prim\u0103ria Albota. To\u0163i cet\u0103\u0163enii din comun\u0103 a\u0219teapt\u0103 arestarea lor \u0219i \u00eenl\u0103turarea din Prim\u0103rie.<\/p>\n<p style=\"text-align: right;\"><strong>Articol de Ion \u015eerban<\/strong><\/p>\n","protected":false},"excerpt":{"rendered":"<p>Avocatul St\u0103nescu Paul de la Baroul Arge\u0219 , judec\u0103torii Stan Mircea \u0219i Podea Simona Elena dau amenzi judiciare victimelor f\u0103r\u0103 a se \u00eencadra \u00een temeiul legal, Dumitru Ion, primarul comunei Albota, Arge\u0219 a \u00eenfiin\u0163at comisii pentru participare la concurs pentru diferite func\u0163ii publice f\u0103r\u0103 a avea temeiul legal, secretar, contabil-\u0219ef \u0219.a.m.d. au \u00eencasat \u0219i \u00eencaseaz\u0103 [&hellip;]<\/p>\n","protected":false},"author":2,"featured_media":4445,"comment_status":"closed","ping_status":"open","sticky":false,"template":"","format":"standard","meta":{"footnotes":""},"categories":[2],"tags":[491,160,492,493,494],"class_list":{"0":"post-4444","1":"post","2":"type-post","3":"status-publish","4":"format-standard","5":"has-post-thumbnail","7":"category-ancheta","8":"tag-avocatul-stanescu-paul","9":"tag-dumitru-ion","10":"tag-podea-simona-elena","11":"tag-primarul-comunei-albota","12":"tag-stan-mircea"},"_links":{"self":[{"href":"https:\/\/www.editiespecialapress.ro\/newtest\/wp-json\/wp\/v2\/posts\/4444","targetHints":{"allow":["GET"]}}],"collection":[{"href":"https:\/\/www.editiespecialapress.ro\/newtest\/wp-json\/wp\/v2\/posts"}],"about":[{"href":"https:\/\/www.editiespecialapress.ro\/newtest\/wp-json\/wp\/v2\/types\/post"}],"author":[{"embeddable":true,"href":"https:\/\/www.editiespecialapress.ro\/newtest\/wp-json\/wp\/v2\/users\/2"}],"replies":[{"embeddable":true,"href":"https:\/\/www.editiespecialapress.ro\/newtest\/wp-json\/wp\/v2\/comments?post=4444"}],"version-history":[{"count":0,"href":"https:\/\/www.editiespecialapress.ro\/newtest\/wp-json\/wp\/v2\/posts\/4444\/revisions"}],"wp:featuredmedia":[{"embeddable":true,"href":"https:\/\/www.editiespecialapress.ro\/newtest\/wp-json\/"}],"wp:attachment":[{"href":"https:\/\/www.editiespecialapress.ro\/newtest\/wp-json\/wp\/v2\/media?parent=4444"}],"wp:term":[{"taxonomy":"category","embeddable":true,"href":"https:\/\/www.editiespecialapress.ro\/newtest\/wp-json\/wp\/v2\/categories?post=4444"},{"taxonomy":"post_tag","embeddable":true,"href":"https:\/\/www.editiespecialapress.ro\/newtest\/wp-json\/wp\/v2\/tags?post=4444"}],"curies":[{"name":"wp","href":"https:\/\/api.w.org\/{rel}","templated":true}]}}